{"id":378,"date":"2012-05-23T23:34:50","date_gmt":"2012-05-23T22:34:50","guid":{"rendered":"http:\/\/contrelenfermement.noblogs.org\/?p=378"},"modified":"2012-06-24T00:02:54","modified_gmt":"2012-06-23T23:02:54","slug":"serge-livrozet-de-la-prison-a-la-revolte","status":"publish","type":"post","link":"https:\/\/contrelenfermement.noblogs.org\/?p=378","title":{"rendered":"Serge Livrozet- \u00ab\u00a0De la prison a la revolte\u00a0\u00bb"},"content":{"rendered":"<p style=\"text-align: center\"><img decoding=\"async\" src=\"http:\/\/www.images-chapitre.com\/ima1\/newbig\/351\/54351_2660493.jpg\" alt=\"\" \/><\/p>\n<h3 style=\"text-align: center\">D&rsquo;abord voleur par n\u00e9cessit\u00e9 serge livrozet l&rsquo;est devenu par conviction. Arr\u00eat\u00e9 et jug\u00e9, il a \u00e9t\u00e9 condamn\u00e9 pour \u00a0\u00bb crime \u00a0\u00bb contre la propri\u00e9t\u00e9.<\/h3>\n<h3 style=\"text-align: center\">Ce livre, publi\u00e9 pour la premi\u00e8re fois en 1973, reste plus que jamais d&rsquo;actualit\u00e9. au-del\u00e0 des th\u00e9ories, l&rsquo;auteur de l&rsquo;infraction nous livre son point de vue sur les causes de la d\u00e9linquance et de l&rsquo;ins\u00e9curit\u00e9. aujourd&rsquo;hui r\u00e9habilit\u00e9, auteur d&rsquo;une quinzaine de livres, serge livrozet a chang\u00e9 de moyens mais n&rsquo;a pas chang\u00e9 d&rsquo;id\u00e9es&#8230;\u00a0 La r\u00e9volte ne l&rsquo;a pas quitt\u00e9.<\/h3>\n<p style=\"text-align: center\">Pr\u00e9face de Michel Foucault- Serge Livrozet : <em>De la prison \u00e0 la r\u00e9volte<\/em> (<em>L&rsquo;Esprit frappeur<\/em>)<\/p>\n<p style=\"text-align: center\"><em>Condamn\u00e9 \u00e0 plusieurs reprises pour divers cambriolages, Serge Livrozet sort de <a title=\"Prison\" href=\"http:\/\/fr.wikipedia.org\/wiki\/Prison\">prison<\/a> en <a title=\"1972\" href=\"http:\/\/fr.wikipedia.org\/wiki\/1972\">1972<\/a>. Il \u00e9crit son premier livre <a title=\"De la prison \u00e0 la r\u00e9volte (page inexistante)\" href=\"http:\/\/fr.wikipedia.org\/w\/index.php?title=De_la_prison_%C3%A0_la_r%C3%A9volte&amp;action=edit&amp;redlink=1\">De la prison \u00e0 la r\u00e9volte<\/a> un an plus tard. Il rencontre <a title=\"Michel Foucault\" href=\"http:\/\/fr.wikipedia.org\/wiki\/Michel_Foucault\">Michel Foucault<\/a> avec qui il cr\u00e9era le \u00ab\u00a0<a title=\"Comit\u00e9 d'action des prisonniers (page inexistante)\" href=\"http:\/\/fr.wikipedia.org\/w\/index.php?title=Comit%C3%A9_d%27action_des_prisonniers&amp;action=edit&amp;redlink=1\">Comit\u00e9 d&rsquo;action des prisonniers<\/a>\u00a0\u00bb\u00a0; participera \u00e0 la mouvance \u00ab\u00a0<a title=\"Marge (groupe autonome)\" href=\"http:\/\/fr.wikipedia.org\/wiki\/Marge_%28groupe_autonome%29\">Marge<\/a>\u00a0\u00bb et au lancement du quotidien \u00ab\u00a0<a title=\"Lib\u00e9ration (journal)\" href=\"http:\/\/fr.wikipedia.org\/wiki\/Lib%C3%A9ration_%28journal%29\">Lib\u00e9ration<\/a>\u00a0\u00bb.<\/em><\/p>\n<h2 style=\"text-align: center\">Bibliographie :<\/h2>\n<ul>\n<li><a title=\"1973 en litt\u00e9rature\" href=\"http:\/\/fr.wikipedia.org\/wiki\/1973_en_litt%C3%A9rature\">1973<\/a>\u00a0: <em>De la prison \u00e0 la r\u00e9volte<\/em>, essai, \u00e9ditions Mercure de France (<a title=\"Sp\u00e9cial:Ouvrages de r\u00e9f\u00e9rence\/284405093X\" href=\"http:\/\/fr.wikipedia.org\/wiki\/Sp%C3%A9cial:Ouvrages_de_r%C3%A9f%C3%A9rence\/284405093X\">ISBN\u00a0284405093X<\/a>) (r\u00e9\u00e9d. \u00e0 <em><a title=\"L'Esprit Frappeur\" href=\"http:\/\/fr.wikipedia.org\/wiki\/L%27Esprit_Frappeur\">L&rsquo;Esprit Frappeur<\/a><\/em>)<\/li>\n<li>1973\u00a0: <em>Diego ou la vie d&rsquo;un chien de guerre<\/em>, roman, \u00e9ditions Mercure de France (<a title=\"Sp\u00e9cial:Ouvrages de r\u00e9f\u00e9rence\/2715210221\" href=\"http:\/\/fr.wikipedia.org\/wiki\/Sp%C3%A9cial:Ouvrages_de_r%C3%A9f%C3%A9rence\/2715210221\">ISBN\u00a02715210221<\/a>)<\/li>\n<li><a title=\"1976 en litt\u00e9rature\" href=\"http:\/\/fr.wikipedia.org\/wiki\/1976_en_litt%C3%A9rature\">1976<\/a>\u00a0: <em>La Rage des murs<\/em>, roman, \u00e9ditions Mercure de France (<a title=\"Sp\u00e9cial:Ouvrages de r\u00e9f\u00e9rence\/2715210507\" href=\"http:\/\/fr.wikipedia.org\/wiki\/Sp%C3%A9cial:Ouvrages_de_r%C3%A9f%C3%A9rence\/2715210507\">ISBN\u00a02715210507<\/a>)<\/li>\n<li><a title=\"1977 en litt\u00e9rature\" href=\"http:\/\/fr.wikipedia.org\/wiki\/1977_en_litt%C3%A9rature\">1977<\/a>\u00a0: <em>Hurle\u00a0!<\/em> essai, \u00e9ditions Presses d&rsquo;aujourd&rsquo;hui<\/li>\n<li><a title=\"1978 en litt\u00e9rature\" href=\"http:\/\/fr.wikipedia.org\/wiki\/1978_en_litt%C3%A9rature\">1978<\/a>\u00a0: <em>Aujourd&rsquo;hui, la prison<\/em>, document, \u00e9ditions Hachette<\/li>\n<li><a title=\"1980 en litt\u00e9rature\" href=\"http:\/\/fr.wikipedia.org\/wiki\/1980_en_litt%C3%A9rature\">1980<\/a>\u00a0: <em><a title=\"Le Sang \u00e0 la t\u00eate (roman)\" href=\"http:\/\/fr.wikipedia.org\/wiki\/Le_Sang_%C3%A0_la_t%C3%AAte_%28roman%29\">Le Sang \u00e0 la t\u00eate<\/a><\/em>, roman, \u00e9ditions Lettres libres<\/li>\n<li>1980\u00a0: <em>J\u00e9va de Nazareth<\/em>, roman fantastique, \u00e9ditions Lettres libres<\/li>\n<li><a title=\"1981 en litt\u00e9rature\" href=\"http:\/\/fr.wikipedia.org\/wiki\/1981_en_litt%C3%A9rature\">1981<\/a>\u00a0: <em>La Rue aux ours<\/em>, contre-enqu\u00eate, \u00e9ditions Lettres libres<\/li>\n<li><a title=\"1982 en litt\u00e9rature\" href=\"http:\/\/fr.wikipedia.org\/wiki\/1982_en_litt%C3%A9rature\">1982<\/a>\u00a0: <em>Lettre d&rsquo;amour \u00e0 l&rsquo;enfant que je n&rsquo;aurai pas<\/em>, pamphlet, \u00e9ditions Lettres libres<\/li>\n<li><a title=\"1987 en litt\u00e9rature\" href=\"http:\/\/fr.wikipedia.org\/wiki\/1987_en_litt%C3%A9rature\">1987<\/a>\u00a0: <em>La Dictature d\u00e9mocratique<\/em>, essai, \u00e9ditions Lettres libres<\/li>\n<li><a title=\"1989 en litt\u00e9rature\" href=\"http:\/\/fr.wikipedia.org\/wiki\/1989_en_litt%C3%A9rature\">1989<\/a>\u00a0: <em>L&rsquo;Empreinte<\/em>, t\u00e9moignage, \u00e9ditions La Br\u00e8che<\/li>\n<li><a title=\"1992 en litt\u00e9rature\" href=\"http:\/\/fr.wikipedia.org\/wiki\/1992_en_litt%C3%A9rature\">1992<\/a>\u00a0: <em>L&rsquo;Outrage en plus<\/em>, roman noir, \u00e9ditions Manya (<a title=\"Sp\u00e9cial:Ouvrages de r\u00e9f\u00e9rence\/2878960513\" href=\"http:\/\/fr.wikipedia.org\/wiki\/Sp%C3%A9cial:Ouvrages_de_r%C3%A9f%C3%A9rence\/2878960513\">ISBN\u00a02878960513<\/a>)<\/li>\n<li><a title=\"1995 en litt\u00e9rature\" href=\"http:\/\/fr.wikipedia.org\/wiki\/1995_en_litt%C3%A9rature\">1995<\/a>\u00a0: <em>La Femme truqu\u00e9e<\/em>, roman noir, \u00e9ditions Encrages, collection les Belles lettres (<a title=\"Sp\u00e9cial:Ouvrages de r\u00e9f\u00e9rence\/2906389501\" href=\"http:\/\/fr.wikipedia.org\/wiki\/Sp%C3%A9cial:Ouvrages_de_r%C3%A9f%C3%A9rence\/2906389501\">ISBN\u00a02906389501<\/a>)<\/li>\n<li><a title=\"1997 en litt\u00e9rature\" href=\"http:\/\/fr.wikipedia.org\/wiki\/1997_en_litt%C3%A9rature\">1997<\/a>\u00a0: <em>Nice, baie d&rsquo;aisance<\/em>, roman, \u00e9ditions Baleine coll <a title=\"Le Poulpe (collection)\" href=\"http:\/\/fr.wikipedia.org\/wiki\/Le_Poulpe_%28collection%29\">Le Poulpe<\/a> (<a title=\"Sp\u00e9cial:Ouvrages de r\u00e9f\u00e9rence\/2842190793\" href=\"http:\/\/fr.wikipedia.org\/wiki\/Sp%C3%A9cial:Ouvrages_de_r%C3%A9f%C3%A9rence\/2842190793\">ISBN\u00a02842190793<\/a>)<\/li>\n<\/ul>\n","protected":false},"excerpt":{"rendered":"<p>D&rsquo;abord voleur par n\u00e9cessit\u00e9 serge livrozet l&rsquo;est devenu par conviction. Arr\u00eat\u00e9 et jug\u00e9, il a \u00e9t\u00e9 condamn\u00e9 pour \u00a0\u00bb crime \u00a0\u00bb contre la propri\u00e9t\u00e9. Ce livre, publi\u00e9 pour la premi\u00e8re fois en 1973, reste plus que jamais d&rsquo;actualit\u00e9. au-del\u00e0 des &hellip; <a href=\"https:\/\/contrelenfermement.noblogs.org\/?p=378\">Continuer la lecture <span class=\"meta-nav\">&rarr;<\/span><\/a><\/p>\n","protected":false},"author":5244,"featured_media":0,"comment_status":"open","ping_status":"open","sticky":false,"template":"","format":"standard","meta":{"footnotes":""},"categories":[194,188],"tags":[262,15,105,261],"class_list":["post-378","post","type-post","status-publish","format-standard","hentry","category-auteurs","category-livres","tag-livre","tag-prison","tag-revolte","tag-serge-livrozet"],"_links":{"self":[{"href":"https:\/\/contrelenfermement.noblogs.org\/index.php?rest_route=\/wp\/v2\/posts\/378","targetHints":{"allow":["GET"]}}],"collection":[{"href":"https:\/\/contrelenfermement.noblogs.org\/index.php?rest_route=\/wp\/v2\/posts"}],"about":[{"href":"https:\/\/contrelenfermement.noblogs.org\/index.php?rest_route=\/wp\/v2\/types\/post"}],"author":[{"embeddable":true,"href":"https:\/\/contrelenfermement.noblogs.org\/index.php?rest_route=\/wp\/v2\/users\/5244"}],"replies":[{"embeddable":true,"href":"https:\/\/contrelenfermement.noblogs.org\/index.php?rest_route=%2Fwp%2Fv2%2Fcomments&post=378"}],"version-history":[{"count":1,"href":"https:\/\/contrelenfermement.noblogs.org\/index.php?rest_route=\/wp\/v2\/posts\/378\/revisions"}],"predecessor-version":[{"id":379,"href":"https:\/\/contrelenfermement.noblogs.org\/index.php?rest_route=\/wp\/v2\/posts\/378\/revisions\/379"}],"wp:attachment":[{"href":"https:\/\/contrelenfermement.noblogs.org\/index.php?rest_route=%2Fwp%2Fv2%2Fmedia&parent=378"}],"wp:term":[{"taxonomy":"category","embeddable":true,"href":"https:\/\/contrelenfermement.noblogs.org\/index.php?rest_route=%2Fwp%2Fv2%2Fcategories&post=378"},{"taxonomy":"post_tag","embeddable":true,"href":"https:\/\/contrelenfermement.noblogs.org\/index.php?rest_route=%2Fwp%2Fv2%2Ftags&post=378"}],"curies":[{"name":"wp","href":"https:\/\/api.w.org\/{rel}","templated":true}]}}