{"id":389,"date":"2012-05-24T19:33:20","date_gmt":"2012-05-24T18:33:20","guid":{"rendered":"http:\/\/contrelenfermement.noblogs.org\/?p=389"},"modified":"2012-06-24T19:35:24","modified_gmt":"2012-06-24T18:35:24","slug":"abdel-hafed-benotman","status":"publish","type":"post","link":"https:\/\/contrelenfermement.noblogs.org\/?p=389","title":{"rendered":"Abdel Hafed Benotman"},"content":{"rendered":"<div>\n<p>Hafed Benotman est un voyou \u00e0 l\u2019ancienne, g\u00e9n\u00e9rosit\u00e9 \u00e0 fleur de peau, grande gueule en embuscade. Un braqueur sans arme qui a pass\u00e9 17 ans en prison et n\u2019en fait pas un drame. Un auteur de romans noirs talentueux. Un type dans une situation absurde, aussi\u00a0: celle d\u2019un sans papiers \u00e0 qui l\u2019on refuse le droit de travailler et qu\u2019on accule \u00e0 la r\u00e9cidive. Rencontre avec un incurable insoumis.<\/p>\n<\/div>\n<div>\n<div>\n<p>On a rendez-vous dans le petit restaurant associatif dont il s\u2019occupe depuis peu avec sa compagne Francine, Porte de Vanves dans le 15<sup>e<\/sup> arrondissement<a id=\"nh1\" title=\"Adresse exacte du lieu, tr\u00e8s conseill\u00e9, autant pour l\u2019ambiance que pour la\u00a0(...)\" href=\"http:\/\/www.article11.info\/?Abdel-Hafed-Benotman-Je-crois-en#nb1\" rel=\"footnote\">1<\/a>. A la bourre, il finit par arriver, rigolard et chaleureux. Entre deux tables desservies, deux discussions avec les habitu\u00e9s du lieu, deux pauses clopes, il s\u2019enflamme, provoque, ravi de se mettre en sc\u00e8ne.<\/p>\n<p>Grande gueule devant l\u2019\u00e9ternel, Hafed Benotman parle de tout, saute d\u2019un sujet \u00e0 l\u2019autre, toujours provocateur, rarement dans la mesure. Entre ses exp\u00e9riences carc\u00e9rales, son militantisme, ses romans, ses exp\u00e9riences du braquage, sa vision de la soci\u00e9t\u00e9 contemporaine etc., on se laisse porter par la verve du personnage, la justesse de ses constats radicaux et ses talents de conteur.<\/p>\n<dl>\n<dt><img loading=\"lazy\" decoding=\"async\" src=\"http:\/\/www.article11.info\/local\/cache-vignettes\/L350xH432\/tristan-original-48cd2.jpg\" alt=\"JPEG - 71.5 ko\" width=\"350\" height=\"432\" \/><\/dt>\n<\/dl>\n<p><a id=\"nh2\" title=\"Ce joli dessin est oeuvre de l\u2019ami Tristan. Tu peux retrouver son coup de\u00a0(...)\" href=\"http:\/\/www.article11.info\/?Abdel-Hafed-Benotman-Je-crois-en#nb2\" rel=\"footnote\">2<\/a><\/p>\n<p>Tr\u00e8s vite, on abandonne l\u2019id\u00e9e du portrait. Impossible \u00e0 r\u00e9aliser, le bougre a trop de facettes\u00a0: s\u2019attarder sur une, c\u2019est d\u00e9laisser les autres. Et quel angle choisir, quel personnage privil\u00e9gier\u00a0?<br \/>\nL\u2019amateur de bons mots qui, un jour de musculation dans la prison de Fresnes, taille une bavette avec Rachid Ramda (celui qui a financ\u00e9 les attentats islamistes de 95), se voit reprocher son d\u00e9sint\u00e9r\u00eat pour la religion et r\u00e9torque d\u2019un cinglant \u00ab\u00a0<em>L\u2019islamisme\u00a0? La barbe\u00a0!<\/em>\u00a0\u00bb\u00a0?<a id=\"nh3\" title=\"Ou qui sur le blog qu\u2019il tient sur Bibliobs balance \u00e0 propos du dernier livre\u00a0(...)\" href=\"http:\/\/www.article11.info\/?Abdel-Hafed-Benotman-Je-crois-en#nb3\" rel=\"footnote\">3<\/a><br \/>\nLe Mesrine non-violent, bandit multir\u00e9cidiviste sp\u00e9cialis\u00e9 dans les attaques de banque en solitaire et sans arme, Ars\u00e8ne Lupin classieux qui ne regrette rien\u00a0?<br \/>\nLe militant qui tient un blog cinglant sur Bibliobs (<em>Style au noir<\/em>,<a href=\"http:\/\/bibliobs.nouvelobs.com\/blog\/style-au-noir\" rel=\"external\" target=\"_blank\">ici<\/a>), a contribu\u00e9 \u00e0 la cr\u00e9ation du journal favori des taulards, <em>l\u2019Envol\u00e9e<\/em>, et participe \u00e0 l\u2019\u00e9mission de radio du m\u00eame nom<a id=\"nh4\" title=\"L\u2019envol\u00e9e sur FPP, 106.3, les vendredis soir \u00e0 partir de 8H\" href=\"http:\/\/www.article11.info\/?Abdel-Hafed-Benotman-Je-crois-en#nb4\" rel=\"footnote\">4<\/a>\u00a0?<br \/>\nL\u2019auteur de polars \u00e0 la plume ac\u00e9r\u00e9e, publi\u00e9 sans le savoir alors qu\u2019il \u00e9tait en cavale, qui se revendique \u00ab\u00a0cancre\u00a0\u00bb intellectuel mais cite Nietzche comme influence majeure\u00a0?<br \/>\nLe symbole de l\u2019absurdit\u00e9 des politiques d\u2019immigration fran\u00e7aises, Alg\u00e9rien n\u00e9 en France mais \u00e0 qui on refuse des papiers, type d\u00e9cid\u00e9 \u00e0 bosser mais interdit d\u2019activit\u00e9 professionnelle\u00a0?<\/p>\n<p>Cruel dilemme qui ne laisse pas le choix\u00a0: on revient au principe de l\u2019entretien. Et on laisse d\u00e9rouler la cassette. Le lecteur n\u2019y perdra rien, bien au contraire.<\/p>\n<dl>\n<dt><img loading=\"lazy\" decoding=\"async\" src=\"http:\/\/www.article11.info\/local\/cache-vignettes\/L200xH315\/benotman_les_forcenes-1d27e.jpg\" alt=\"JPEG - 71.9 ko\" width=\"200\" height=\"315\" \/><\/dt>\n<\/dl>\n<hr \/>\n<p><strong>Tu as pass\u00e9 une grande partie de ta vie en prison. A quel point cette exp\u00e9rience a d\u00e9fini l\u2019homme que tu es\u00a0?<\/strong><\/p>\n<p>La prison, c\u2019est le territoire o\u00f9 j\u2019ai rencontr\u00e9 quasiment toutes les pathologies existantes. C\u2019est comme un carrefour o\u00f9 se croisent des destins d\u00e9viants\u00a0: les fous, les malades, les vrais assassins, les innocents, avec toutes les cat\u00e9gories sociales et quasiment toutes les nationalit\u00e9s. J\u2019y ai rencontr\u00e9 des Am\u00e9ricains, des Africains, des Asiatiques etc. Si tu n\u2019es pas ouvert, si tu ne cherches pas \u00e0 t\u2019ouvrir \u00e0 eux, alors tu te replies, tu te scl\u00e9roses, tu commences \u00e0 tomber dans le m\u00e9pris. Ce que j\u2019ai toujours \u00e9vit\u00e9.<br \/>\nA l\u2019arriv\u00e9e, la prison n\u2019a pas \u00e9t\u00e9 un terrain d\u2019\u00e9criture pour moi. Par contre, \u00e7a a \u00e9t\u00e9 un terrain de rencontre.<\/p>\n<p><strong>Un \u00ab\u00a0terrain de rencontre\u00a0\u00bb\u00a0? Ca ne va pas trop avec l\u2019image qu\u2019on a des prisons&#8230;<\/strong><\/p>\n<p>J\u2019ai 16-17 ans de taule derri\u00e8re moi. Et je peux te dire que l\u2019ultra violence carc\u00e9rale, c\u2019est un fantasme, un mythe. Le truc sur lequel jouent les s\u00e9ries am\u00e9ricaines comme <em>Prison Break<\/em> ou que met en sc\u00e8ne Hollywood. Ce n\u2019est pas la r\u00e9alit\u00e9 en France, m\u00eame si \u00e7a existe aux \u00c9tats-Unis.<br \/>\nAvec cette concentration d\u2019\u00eatres humains qui vivent et cohabitent se cr\u00e9e forc\u00e9ment une forme d\u2019entraide, de solidarit\u00e9. Sinon, tu verrais les ambulances et les corbillards sortir constamment des prisons. Ce n\u2019est pas le cas. Il y a un \u00e9quilibre qui se fait, avec une certaine dose de tol\u00e9rance. \u00c7a na\u00eet aussi d\u2019une situation commune\u00a0: tous sont \u00e9cras\u00e9 par le m\u00eame syst\u00e8me. Plus tu compresses les gens en prison, plus ils deviennent solides, agglom\u00e9r\u00e9s et solidaires. Chacun a une histoire, qui renvoie \u00e0 celle de l\u2019autre. Quand tu es dans le fourgon et qu\u2019on te met les cha\u00eenes aux pieds, il y a quelque chose qui se cr\u00e9e avec ceux qui sont en face de toi, dans cette m\u00eame situation humiliante.<\/p>\n<p><strong>Tu as commenc\u00e9 \u00e0 \u00e9crire en prison\u00a0?<\/strong><\/p>\n<p>L\u2019\u00e9criture me vient d\u2019avant la prison. A l\u2019int\u00e9rieur de la prison, l\u2019\u00e9criture m\u2019a plut\u00f4t servi d\u2019arme de combat. J\u2019ai commenc\u00e9 \u00e0 \u00e9crire des courriers pour les copains, \u00e0 m\u2019int\u00e9resser au droit (je suis devenu un bon juriste \u00e0 force d\u2019aider les copains sur leurs dossiers). \u00c7a m\u2019a amen\u00e9 \u00e0 une \u00e9criture politique. J\u2019ai tr\u00e8s peu \u00e9crit de fiction en taule, j\u2019ai fignol\u00e9 certains r\u00e9cits \u00e9crits avant, mais je n\u2019ai lanc\u00e9 aucun roman alors que j\u2019\u00e9tais enferm\u00e9. Par contre, j\u2019ai \u00e9crit beaucoup d\u2019articles de presse. Et on a cr\u00e9e un journal, <a href=\"http:\/\/lejournalenvolee.free.fr\/\" rel=\"external\" target=\"_blank\">L\u2019Envol\u00e9e<\/a>, qui existe encore maintenant et auquel je participe toujours.<\/p>\n<dl>\n<dt><img loading=\"lazy\" decoding=\"async\" src=\"http:\/\/www.article11.info\/local\/cache-vignettes\/L200xH308\/benotman_marchedenuitsans_lune-94160.jpg\" alt=\"JPEG - 56 ko\" width=\"200\" height=\"308\" \/><\/dt>\n<\/dl>\n<p><strong> Dans ton dernier livre, <em>Marche de nuit sans lune<\/em><a id=\"nh5\" title=\"Tr\u00e8s recommand\u00e9, publi\u00e9 par les \u00e9ditions Rivages, comme les autres ouvrages du\u00a0(...)\" href=\"http:\/\/www.article11.info\/?Abdel-Hafed-Benotman-Je-crois-en#nb5\" rel=\"footnote\">5<\/a>, tu d\u00e9veloppes une vision tr\u00e8s sombre de l\u2019humanit\u00e9.<\/strong><\/p>\n<p>C\u2019est vrai que j\u2019ai une vision tr\u00e8s brutale de l\u2019homme. L\u2019approche du roman noir t\u2019am\u00e8ne \u00e0 aller fouiller vraiment dans la merde. D\u2019ailleurs, les meilleurs \u00e9crivains de roman noir sont ceux qui vont chercher tr\u00e8s loin dans l\u2019horreur humaine.<br \/>\nDans mes romans, je d\u00e9fends les criminels, dans le sens o\u00f9 je ne les juge pas, je les pose comme ils sont. Je les aimes ou je ne les aime pas, l\u00e0 n\u2019est pas la question. Mais j\u2019ai toujours pr\u00e9f\u00e9r\u00e9 le criminel qui passe \u00e0 l\u2019acte et qui en paye les cons\u00e9quences, par la prison, la mort ou l\u2019exil, que celui qui commet des crimes dans l\u2019impunit\u00e9, le d\u00e9lateur qui se cache derri\u00e8re les lois. Ce qui me d\u00e9becte vraiment, c\u2019est l\u2019impunit\u00e9 des salauds.<\/p>\n<p><strong>Avec quatre condamnations, tu es entr\u00e9 pour la premi\u00e8re fois en prison en 1976 et tu en es sorti la derni\u00e8re fois en 2007. Le syst\u00e8me carc\u00e9ral a \u00e9volu\u00e9\u00a0?<\/strong><\/p>\n<p>Dans le fond, la prison n\u2019a pas chang\u00e9. Que ce soit dans les ann\u00e9es 1970 ou 2000, \u00e7a reste insoutenable, puisque c\u2019est du domaine de l\u2019enfermement. Ce que eux appellent des am\u00e9liorations rel\u00e8ve du confort\u00a0: si tu as de l\u2019argent, tu peux cantiner une t\u00e9l\u00e9, par exemple. Mais avec ou sans la t\u00e9l\u00e9, tu restes enferm\u00e9 entre quatre murs. Le fond n\u2019a pas chang\u00e9. Si on t\u2019enfermes pendant 20 ans dans une chambre du plus beau palace de Paris, tu p\u00e8tes les plombs aussi.<br \/>\nPour le reste, \u00e7a s\u2019est \u00e9videmment aggrav\u00e9. D\u2019abord, les peines sont plus longues, il y a d\u00e9sormais des perp\u00e9tuit\u00e9s r\u00e9elles. Avant, quelqu\u2019un condamn\u00e9 \u00e0 perp\u00e9t sortait au bout de 15 \u00e0 20 ans\u00a0; maintenant, ce sera au bout de 25 \u00e0 30. Sous pr\u00e9texte de confort carc\u00e9ral, on a allong\u00e9 les peines. Alors qu\u2019on se fout du confort en taule, ce qui est horrible, c\u2019est de se faire prendre un long moment de sa vie.<br \/>\nMoi, je suis un voleur. Mais je ne suis jamais tomb\u00e9 dans ce qu\u2019on appelle \u00ab\u00a0l\u2019irr\u00e9parable\u00a0\u00bb. Si demain j\u2019\u00e9cris un best-seller qui se vend \u00e0 3 millions d\u2019exemplaires, je pourrais aller voir les banques et dire\u00a0: \u00ab\u00a0Je vous rembourse\u00a0\u00bb. Je pourrais le faire. Mais je ne le ferai bien s\u00fbr jamais. Pour la bonne raison qu\u2019eux ne me rendront jamais une seule seconde de ma vie. Je n\u2019ai jamais tu\u00e9 personne, donc jamais touch\u00e9 au temps de vie des autres. Eux si.<\/p>\n<dl>\n<dt><img loading=\"lazy\" decoding=\"async\" src=\"http:\/\/www.article11.info\/local\/cache-vignettes\/L200xH309\/benotman_eboueur_sur_echafaud-7f4cc.jpg\" alt=\"JPEG - 86.6 ko\" width=\"200\" height=\"309\" \/><\/dt>\n<\/dl>\n<p><strong>Tes braquages n\u2019ont jamais tourn\u00e9 de mani\u00e8re sanglante. Tu as eu de la chance\u00a0? <\/strong><\/p>\n<p>Non. Chez les braqueurs pour qui \u00e7a tourne mal, il y a de la malchance mais surtout de la b\u00eatise. De nos jours, si tu es braqueur et que tu rentres dans une banque, tu n\u2019as pas grand chose \u00e0 faire. Il y a des protocoles bancaires qui disent\u00a0: \u00ab\u00a0<em>Quoi qu\u2019il se passe, l\u2019important est que le malfaiteur sorte le plus vite possible. Vous avez ordre de lui donner ce qu\u2019il veut.<\/em>\u00a0\u00bb<br \/>\nQuand je suis pass\u00e9 en cours d\u2019assise, le personnel des banques est venu. Aucun ne m\u2019a demand\u00e9 un centime de dommage et int\u00e9r\u00eat pour \u00ab\u00a0traumatisme\u00a0\u00bb. Ils auraient pu.<\/p>\n<p><strong>Tu n\u2019utilisais pas d\u2019arme\u00a0? <\/strong><\/p>\n<p>Non, pas besoin d\u2019arme pour braquer une banque. Tu fais juste croire que tu en as une. Un hold-up, tu le fais discr\u00e8tement, tu n\u2019entres pas en hurlant et avec un bas sur la t\u00eate, ou sinon tu es tout de suite rep\u00e9r\u00e9 par les cam\u00e9ras de surveillance et les flics d\u00e9boulent. Je braque sans que personne ne s\u2019en rende compte, en dehors des personnes \u00e0 qui je m\u2019adresse.<br \/>\nDans la vision commune du braquage, il y a une part de fantasme, tr\u00e8s cin\u00e9matographique. Alors que le hold-up doit \u00eatre le plus calme possible.<\/p>\n<p><strong>Mais si ton visage appara\u00eet sur les cam\u00e9ras, tu te fais tr\u00e8s vite prendre, non\u00a0?<\/strong><\/p>\n<p>Non, parce que c\u2019est chercher une aiguille dans une botte de foin. M\u00eame en tant que r\u00e9cidiviste, si tu fais \u00e7a bien, ils ne te trouvent pas dans leurs fichiers. Tu te d\u00e9brouilles pour que ton visage soit un peu camoufl\u00e9, maquill\u00e9\u00a0; les cam\u00e9ras filment d\u2019en haut, donc la qualit\u00e9 est un peu m\u00e9diocre. Pour mon dernier braquage, ils cherchaient un type entre 25 et 30 ans, alors que j\u2019en ai d\u00e9pass\u00e9 40 ans. Il faut jouer de \u00e7a, aussi. Tu sais que si tu y vas \u00e0 visage d\u00e9couvert, les mecs se disent que c\u2019est ton premier braquage et n\u2019ouvrent pas leurs fichiers. \u00c7a met \u00e0 mal le mythe de la police scientifique qui d\u00e9barque avec son arsenal de limier, mais c\u2019est comme \u00e7a que \u00e7a se passe. Pour te faire choper dans ces conditions, il faut que tu sois d\u00e9nonc\u00e9.<\/p>\n<p><strong>Si c\u2019est si simple, pourquoi es-tu tomb\u00e9 quatre fois\u00a0?<\/strong><\/p>\n<p>Ce qui est mauvais, c\u2019est de bosser \u00e0 plusieurs. Plus tu multiplies les associ\u00e9s, plus \u00e7a risque de mal tourner. Moi, c\u2019est un ami qui m\u2019a balanc\u00e9 la derni\u00e8re fois. C\u2019\u00e9tait un pote qui croyait qu\u2019on ne pouvait pas braquer une banque sans arme, dans sa t\u00eate c\u2019\u00e9tait impossible. Je lui ai propos\u00e9 mais il s\u2019est d\u00e9gonfl\u00e9 et m\u2019a pos\u00e9 deux lapins. J\u2019ai fait le truc tout seul et lui a pr\u00e9f\u00e9r\u00e9 braquer des h\u00f4tels. Il s\u2019est fait choper. Comme il sortait de prison, les flics lui ont demand\u00e9 s\u2019il avait des trucs \u00e0 raconter. Et il m\u2019a balanc\u00e9.<br \/>\nL\u00e0, l\u2019erreur venait de moi. Se faire d\u00e9noncer \u00e0 20 ans, c\u2019est normal. Pass\u00e9 40 ans, c\u2019est impardonnable. J\u2019ai pris 3 ans et demi. L\u2019avocat g\u00e9n\u00e9ral a dit\u00a0: \u00ab\u00a0<em>Mettez moi cette saloperie dehors, il en chiera plus qu\u2019en prison<\/em>\u2026\u00a0\u00bb Il n\u2019avait pas tout \u00e0 fait tort\u00a0: la prison ne m\u2019atteint pas.<\/p>\n<p><strong>Comment \u00e7a\u00a0?<\/strong><\/p>\n<p>La plus grande violence faite \u00e0 l\u2019humain c\u2019est la soumission. Moi, ils ne m\u2019ont jamais soumis\u00a0: j\u2019\u00e9crivais, je revendiquais, je vivais. Je me suis fait virer de Fleury-M\u00e9rogis, la grande usine carc\u00e9rale, parce que quand le directeur a su que j\u2019\u00e9tais l\u00e0, il m\u2019a fait transf\u00e9rer en urgence \u00e0 Fresnes. A Fleury, en promenade, tu es entre 100 et 200 personnes, tu peux parler avec eux, fomenter une r\u00e9volte. Alors qu\u2019\u00e0 Fresnes, on \u00e9tait deux en promenades, deux DPS (d\u00e9tenus particuli\u00e8rement surveill\u00e9s). J\u2019\u00e9tais avec un mec du Mont\u00e9n\u00e9gro qui ne parlait pas Fran\u00e7ais et qui ne pensait qu\u2019\u00e0 s\u2019\u00e9vader. Ensuite, ils m\u2019ont mis avec les Basques, puis avec les Corses. Des endroits ou je ne pouvais pas faire de pros\u00e9lytisme.<br \/>\nEt je suis toujours sorti en fin de peine. Jamais en conditionnelle. Parce que je ne me suis jamais soumis. Je n\u2019ai jamais \u00e9t\u00e9 dans la comptabilit\u00e9, parce que le terrain m\u2019int\u00e9ressait.<\/p>\n<p><strong> C\u2019est un point de vue tr\u00e8s particulier\u2026<\/strong><\/p>\n<p>Je suis atypique, compl\u00e8tement. C\u2019est pour \u00e7a que j\u2019\u00e9cris aussi. J\u2019ai un regard tr\u00e8s distanci\u00e9 sur la chose, j\u2019en profite pour accumuler du mat\u00e9riau.<\/p>\n<p><strong>Tu t\u2019es d\u00e9j\u00e0 \u00e9vad\u00e9\u00a0?<\/strong><\/p>\n<p>Oui, sans violence. Je me suis fait envoyer un faux dossier m\u00e9dical disant que ma m\u00e8re \u00e9tait morte. J\u2019\u00e9tais en fin de peine, ils m\u2019ont laiss\u00e9 six heures pour aller \u00e0 l\u2019enterrement, sans escorte. Permission exceptionnelle, je me suis fait la belle.<\/p>\n<p><strong>Ce n\u2019\u00e9tait pas un peu contre-productif, de s\u2019\u00e9vader en fin de peine\u00a0?<\/strong><\/p>\n<p>Un type qui est en permission et qui revient pas, c\u2019est un imb\u00e9cile, je te l\u2019accorde. Dans mon cas, je devais passer devant une commission d\u2019expulsion \u00e0 la sortie, pour me renvoyer en Alg\u00e9rie. Ils m\u2019auraient directement renvoy\u00e9 l\u00e0-bas, je pr\u00e9f\u00e9rais \u00eatre en cavale.<\/p>\n<p><strong>Tu es sans-papier, c\u2019est \u00e7a\u00a0?<\/strong><\/p>\n<p>Je suis n\u00e9 en 1960, en France, sous ce qu\u2019on appelle le statut d\u2019indig\u00e9nat. Sujet Fran\u00e7ais mais pas citoyen Fran\u00e7ais, car fils d\u2019Alg\u00e9riens. Ceux n\u00e9s avant l\u2019ind\u00e9pendance pouvaient demander \u00e0 devenir fran\u00e7ais. Mais \u00e0 l\u2019adolescence, je ne pouvais pas dire \u00e7a \u00e0 ma famille. C\u2019\u00e9tait un peu comme si tu avais annonc\u00e9 \u00e0 tes parents fran\u00e7ais en 1950 \u00ab\u00a0je veux devenir allemand\u00a0\u00bb, \u00e7a n\u2019aurait pas pass\u00e9. C\u2019est pour \u00e7a, parce que personne ne voulait exploser la cellule familiale, que la majorit\u00e9 des r\u00e9int\u00e9grations \u00e0 la nationalit\u00e9 fran\u00e7aise se sont faites dans les ann\u00e9es 1990. Moi, \u00e0 cette \u00e9poque, je ne pouvais plus, \u00e0 cause de mon casier<a id=\"nh6\" title=\"Pour approfondir la question, Rue 89 a r\u00e9alis\u00e9 un bon article sur le cas de\u00a0(...)\" href=\"http:\/\/www.article11.info\/?Abdel-Hafed-Benotman-Je-crois-en#nb6\" rel=\"footnote\">6<\/a><\/p>\n<p><strong>Et maintenant, tu es potentiellement expulsable\u00a0?<\/strong><\/p>\n<p>Je vais passer devant une commission de titre de s\u00e9jour pour savoir s\u2019ils me donnent une carte de r\u00e9sident, valable six ans. J\u2019attends. Si elle me dit non, j\u2019irai au tribunal administratif et je ferai appel si n\u00e9cessaire. Et si la cour administrative d\u2019appel refuse, j\u2019irai en cour europ\u00e9enne\u00a0: elle condamnera obligatoirement la France.<br \/>\nLe probl\u00e8me, c\u2019est que pendant ce temps, ils ne me laissent pas travailler et que je n\u2019ai pas de couverture sociale. Eux veulent me faire p\u00e9ter les plombs, que je replonge. Ils me connaissent, ils savent que je ne suis pas quelqu\u2019un qui va aller mendier. Si j\u2019ai besoin de cent euros, je taperai un pote. Je le ferai une fois, deux fois, trois fois peut \u00eatre. Et \u00e0 un moment, je vais dire\u00a0: \u00ab\u00a0<em>Oh l\u00e0, \u00e7a va, y\u2019en a marre. Elle est o\u00f9 la banque\u00a0?<\/em>\u00a0\u00bb<\/p>\n<dl>\n<dt><img loading=\"lazy\" decoding=\"async\" src=\"http:\/\/www.article11.info\/local\/cache-vignettes\/L200xH309\/benotman_poteaux_de_torture-770be.jpg\" alt=\"JPEG - 70.3 ko\" width=\"200\" height=\"309\" \/><\/dt>\n<\/dl>\n<p><strong>Tu voudrais travailler et on ne te laisse pas le faire\u00a0?<\/strong><\/p>\n<p>Oui. Le r\u00e9alisateur Jacques Audiard voulait bosser avec moi sur son prochain film, il a \u00e9crit au pr\u00e9fet pour demander une simple d\u00e9rogation, pour me permettre de bosser. Ils ont dit non. Il y a beaucoup de gens comme moi. Fondamentalement, ils ne veulent pas de la r\u00e9insertion, elle n\u2019arrange personne.<br \/>\nLa r\u00e9cidive sert tout le monde. Elle fait tourner l\u2019ins\u00e9curit\u00e9, elle laisse en prison des travailleurs sous-pay\u00e9s (ils ont fait le calcul, \u00e7a leur revient moins cher de faire bosser un type en prison que de faire bosser des gosses dans le tiers-monde) pour lesquels il n\u2019existe pas de droit du travail. Le prisonnier, c\u2019est le fantasme du chef d\u2019entreprise. En France, tu as des communes qui pleurent pour avoir une prison sur leur territoire. \u00c7a fait travailler les commer\u00e7ants, \u00e7a apporte une main d\u2019\u0153uvre, ils bossent pour la ville\u2026<\/p>\n<p><strong>La prison telle que tu la d\u00e9cris est une m\u00e9taphore de la soci\u00e9t\u00e9\u00a0? <\/strong><\/p>\n<p>La prison est la mat\u00e9rialisation physique de l\u2019enfermement ext\u00e9rieur. Mais c\u2019est le dernier enfermement d\u2019une cha\u00eene. Le mec qui dort dans la rue avec son carton est un taulard. Il est peut-\u00eatre plus mis\u00e9rable que le mec en prison.<\/p>\n<p><strong>Et la r\u00e9cidive arrangerait tout le monde\u00a0?<\/strong><\/p>\n<p>Bien s\u00fbr. On nous fait passer pour des monstres. L\u2019id\u00e9e principale, c\u2019est qu\u2019on passe notre temps \u00e0 nous violer et \u00e0 nous sodomiser dans les douches. Le clich\u00e9 de base. Quand tu sort, les gens te voient comme un pervers. Le mec \u00e0 qui tu demandes un emploi, il te regarde en pensant que tu t\u2019es fait enculer sous la douche. Ta parole n\u2019est plus cr\u00e9dible. L\u00e0 aussi, le clich\u00e9 te pousse \u00e0 la r\u00e9cidive\u00a0: personne ne veut de la r\u00e9insertion, puisque tu es d\u00e9j\u00e0 catalogu\u00e9 monstre irr\u00e9cup\u00e9rable.<br \/>\nRegarde-moi\u00a0: je suis un multir\u00e9cidiviste. J\u2019ai des papiers valables trois mois, avec marqu\u00e9 dessus \u00ab\u00a0n\u2019autorise pas son titulaire \u00e0 travailler.\u00a0\u00bb Tu t\u2019imagines\u00a0? On me dit, tu n\u2019as pas le droit de bosser. Donc on me pousse \u00e0 r\u00e9cidiver. Si je n\u2019\u00e9tais pas intelligent, si je n\u2019\u00e9tais pas en gu\u00e9rilla sociale via mon association, si je n\u2019avais pas mon \u00e9diteur Rivages, comment je ferais\u00a0? Je finirais dans un carton, ou je deviendrais dangereux, ou je me laisserais pousser la barbe et j\u2019irais voir mes fr\u00e8res musulmans en leur disant\u00a0: \u00ab\u00a0<em>T\u2019as vu ce qu\u2019elle me fait, la France\u00a0? Je suis n\u00e9 ici et elle ne me laisse pas travailler, elle ne me donne pas de papiers, vengeons-nous.<\/em>\u00a0\u00bb D\u2019une mani\u00e8re ou d\u2019une autre, l\u2019\u00e9tat aurait r\u00e9ussi \u00e0 me recycler. Soit en taulard, soit en SDF, soit en islamiste, soit en fou dangereux.<\/p>\n<p><strong>C\u2019est ce que d\u00e9crit Bunker\u00a0: une fois en prison, tu y reviens toujours.<a id=\"nh7\" title=\"Pour un retour sur Bunker et son point de vue sur les prisons, article\u00a0(...)\" href=\"http:\/\/www.article11.info\/?Abdel-Hafed-Benotman-Je-crois-en#nb7\" rel=\"footnote\">7<\/a> <\/strong><\/p>\n<p>Quand tu as vu les coulisses et qu\u2019on te dit \u00ab\u00a0veuillez vous asseoir dans la salle pour regarder le spectacle\u00a0\u00bb, tu le regardes d\u2019un autre \u0153il. Tu n\u2019y crois pas. Comme un tour de magie quand tu connais le truc.<\/p>\n<dl>\n<dt><img loading=\"lazy\" decoding=\"async\" src=\"http:\/\/www.article11.info\/local\/cache-vignettes\/L214xH295\/bunker-9d361.jpg\" alt=\"JPEG - 24.1 ko\" width=\"214\" height=\"295\" \/><\/dt>\n<\/dl>\n<p><strong>Que penses tu d\u2019associations comme l\u2019Observatoire International des Prisons (OIP)\u00a0? Ils tentent de faire bouger les choses, non\u00a0?<\/strong><\/p>\n<p>Ils sont aussi dans le fantasme et dans la compromission. Je les connais tr\u00e8s bien, je me suis m\u00eame engueul\u00e9 en direct sur France 2 avec Thierry L\u00e9vy, qui \u00e9tait pr\u00e9sident de l\u2019OIP.<br \/>\nA <em>l\u2019Envol\u00e9e<\/em>, on avait la preuve qu\u2019un type avait \u00e9t\u00e9 tu\u00e9 par des matons. Le type \u00e9tait mort de \u00e7a, clairement, il avait \u00e9t\u00e9 tabass\u00e9. Rentr\u00e9 le vendredi en prison, il avait \u00e9t\u00e9 retrouv\u00e9 mort le dimanche matin. L\u2019administration disait qu\u2019il s\u2019\u00e9tait suicid\u00e9 mais on avait la preuve formelle qu\u2019il s\u2019\u00e9tait fait d\u00e9fonc\u00e9 la gueule au mitard. Dans l\u2019\u00e9mission, en direct (ils m\u2019ont plus jamais r\u00e9invit\u00e9\u2026), je leur ai balanc\u00e9 le dossier en disant\u00a0: \u00ab\u00a0Tenez, voil\u00e0 ce vous devriez traiter en priorit\u00e9\u00a0!\u00a0\u00bb<br \/>\nLe gamin s\u2019appelait <a href=\"http:\/\/www.labanlieuesexprime.org\/article.php3?id_article=628\" rel=\"external\" target=\"_blank\">Eric Blaise<\/a>, l\u2019OIP avait le dossier. Ils l\u2019ont gard\u00e9 sous le coude, parce qu\u2019ils sont financ\u00e9s par l\u2019\u00e9tat et qu\u2019ils ont des salari\u00e9s. Alors c\u2019est vrai\u00a0: ils d\u00e9noncent quand il y a de vrais suicides, ils d\u00e9noncent la salet\u00e9 des douches, des trucs comme \u00e7a, qui ne mangent pas de pain. D\u2019ailleurs, il n\u2019y a plus un seul taulard dans l\u2019OIP. Quand on leur reproche, ils r\u00e9pondent\u00a0: \u00ab\u00a0On parle pour eux.\u00a0\u00bb Du pipeau\u00a0!<\/p>\n<p><strong>A t\u2019entendre, on a l\u2019impression que tout ce qui se dit sur les prisons rel\u00e8ve du fantasme.<\/strong><\/p>\n<p>Bien s\u00fbr. Je te donne un exemple\u00a0: demain, TF1 vient me filmer pour le JT. Ils vont m\u2019interroger sur l\u2019islamisation du monde carc\u00e9ral. La nana ne me connait pas vraiment, mais moi je sais tr\u00e8s bien ce qu\u2019elle voudrait entendre\u00a0: que les islamistes infestent les prisons. Je dirai le contraire, car ce n\u2019est pas de l\u2019islamisation mais de la solidarit\u00e9 communautaire. Le musulman en prison, il tombe sur d\u2019autres musulmans qui vont l\u2019aider, lui filer du tabac, des timbres. Forc\u00e9ment, il est tout seul, alors il se rapprochera d\u2019eux. Mais c\u2019est tout.<br \/>\nSi jamais l\u2019islamisation \u00e9tait une r\u00e9alit\u00e9 en prison, j\u2019en serais le premier ravi, m\u00eame si je suis ath\u00e9e. Parce qu\u2019ils feraient tout p\u00e9ter \u00e0 l\u2019int\u00e9rieur.<\/p>\n<p><strong>Ta valeur supr\u00eame, c\u2019est l\u2019insoumission\u00a0?<\/strong><\/p>\n<p>Je ne me rappelle plus qui a dit \u00ab\u00a0<em>Si le monde peut \u00eatre sauv\u00e9, il le sera par des insoumis<\/em><a id=\"nh8\" title=\"C\u2019est une citation d\u2019Andr\u00e9 Gide : \u00ab Le monde ne sera sauv\u00e9, s\u2019il peut l\u2019\u00eatre,\u00a0(...)\" href=\"http:\/\/www.article11.info\/?Abdel-Hafed-Benotman-Je-crois-en#nb8\" rel=\"footnote\">8<\/a>\u00a0\u00bb, mais j\u2019y crois profond\u00e9ment. Tu as toujours des personnes, m\u00eame dans les soci\u00e9t\u00e9s archa\u00efques, qui se sont lev\u00e9es pour protester et garder leur fiert\u00e9. Ce sont elles qui rattrapent la saloperie de l\u2019humanit\u00e9.<br \/>\nDonc, oui\u00a0: je me revendique insoumis. Je suis convoqu\u00e9 demain matin \u00e0 la pr\u00e9fecture pour une prise d\u2019ADN, mais je n\u2019irai pas. Je risque la taule, mais il est hors de question que je file mon ADN, que j\u2019accepte \u00e7a alors que j\u2019ai soutenu des collectifs qui se sont fait prendre sur des manifs et qui ont refus\u00e9. Apr\u00e8s, si je suis dans une cellule et qu\u2019ils me veulent mon empreinte ADN, je dirais OK. Car je r\u00e9pondrais \u00e0 un rapport de force, je serais en position de faiblesse. Mais que j\u2019y aille de moi m\u00eame, il n\u2019en est pas question.<br \/>\nIl y a eu une \u00e9poque o\u00f9 le travail \u00e9tait obligatoire en prison (c\u2019est Mitterrand qui, en 1982, y a mis fin). Mais je n\u2019ai jamais accept\u00e9\u00a0: r\u00e9fractaire total, j\u2019ai alors pass\u00e9 mon temps de prison au mitard. Dans une petite cellule avec rien du tout. Quand ils m\u2019en sortaient, ils me disaient, \u00ab\u00a0bon tu vas travailler l\u00e0, dans cet atelier\u00a0\u00bb, je r\u00e9pondais \u00ab\u00a0non\u00a0\u00bb. Et je retournais au mitard.<\/p>\n<p><strong>\u00c7a ne t\u2019as pas plus marqu\u00e9 que \u00e7a\u00a0?<\/strong><\/p>\n<p>Non, c\u2019est l\u2019inverse qui m\u2019aurait marqu\u00e9. De me soumettre. De me courber pendant des heures sur un boulot d\u00e9bile. J\u2019ai toujours tenu \u00e0 l\u2019insoumission plus qu\u2019\u00e0 tout. M\u00eame apr\u00e8s ma sortie\u00a0: on m\u2019a invit\u00e9 sur des plateaux t\u00e9l\u00e9, mais je n\u2019ai jamais baiss\u00e9 ma garde comme ils le voulaient.<br \/>\nPareil pour ma r\u00e9gularisation. Il y a des gens qui m\u2019ont dit, je peux t\u2019avoir des papiers. Je r\u00e9pondais, \u00ab\u00a0va plut\u00f4t voir ce type, il a une femme, quatre gosses, ils meurent de faim. Va le r\u00e9gulariser lui, moi je me d\u00e9brouille.\u00a0\u00bb<br \/>\nDe toute fa\u00e7on, je suis un voleur, il n\u2019y a pas de myst\u00e8re.<\/p>\n<dl>\n<dt><img loading=\"lazy\" decoding=\"async\" src=\"http:\/\/www.article11.info\/local\/cache-vignettes\/L250xH375\/benotman_2-4035c.jpg\" alt=\"JPEG - 154.4 ko\" width=\"250\" height=\"375\" \/><\/dt>\n<\/dl>\n<\/div>\n<\/div>\n<div>\n<hr \/>\n<div>\n<div>\n<p><a id=\"nb1\" title=\"Notes 1\" href=\"http:\/\/www.article11.info\/?Abdel-Hafed-Benotman-Je-crois-en#nh1\" rev=\"footnote\">1<\/a> Adresse exacte du lieu, tr\u00e8s conseill\u00e9, autant pour l\u2019ambiance que pour la cuisine de Francine, \u00e0 des prix tr\u00e8s abordables\u00a0: Diet Ethique, \u00e0 l\u2019angle de la rue de Chamb\u00e9ry et de la rue Fizeau, 15e, m\u00e9tro Porte de Vanves sur la ligne 13.<\/p>\n<p><a id=\"nb2\" title=\"Notes 2\" href=\"http:\/\/www.article11.info\/?Abdel-Hafed-Benotman-Je-crois-en#nh2\" rev=\"footnote\">2<\/a> Ce joli dessin est oeuvre de l\u2019ami Tristan. Tu peux retrouver son coup de crayon sur <a href=\"http:\/\/bordmann.free.fr\/\" rel=\"external\" target=\"_blank\">son blog<\/a>. Hop\u00a0!<\/p>\n<p><a id=\"nb3\" title=\"Notes 3\" href=\"http:\/\/www.article11.info\/?Abdel-Hafed-Benotman-Je-crois-en#nh3\" rev=\"footnote\">3<\/a> Ou qui sur le blog qu\u2019il tient sur Bibliobs balance \u00e0 propos du dernier livre de Christine Angot d\u00e9crivant son histoire avec Doc Gyneco\u00a0: \u00ab\u00a0<em>Il n\u2019y a gu\u00e8re que cette pauvre intellectuelle d\u2019Angot pour croire exceptionnel de se faire enc&#8230; par un sarkozyste.<\/em>\u00a0\u00bb<\/p>\n<p><a id=\"nb4\" title=\"Notes 4\" href=\"http:\/\/www.article11.info\/?Abdel-Hafed-Benotman-Je-crois-en#nh4\" rev=\"footnote\">4<\/a> L\u2019envol\u00e9e sur FPP, 106.3, les vendredis soir \u00e0 partir de 8H<\/p>\n<p><a id=\"nb5\" title=\"Notes 5\" href=\"http:\/\/www.article11.info\/?Abdel-Hafed-Benotman-Je-crois-en#nh5\" rev=\"footnote\">5<\/a> Tr\u00e8s recommand\u00e9, publi\u00e9 par les \u00e9ditions Rivages, comme les autres ouvrages du sieur Benotman<\/p>\n<p><a id=\"nb6\" title=\"Notes 6\" href=\"http:\/\/www.article11.info\/?Abdel-Hafed-Benotman-Je-crois-en#nh6\" rev=\"footnote\">6<\/a> Pour approfondir la question, Rue 89 a r\u00e9alis\u00e9 un bon article sur le cas de Benotman, <a href=\"http:\/\/www.rue89.com\/cabinet-de-lecture\/benotman-ecrivain-ex-taulard-et-sans-papiers-en-plein-kafka\" rel=\"external\" target=\"_blank\">ici<\/a>. A lire.<\/p>\n<p><a id=\"nb7\" title=\"Notes 7\" href=\"http:\/\/www.article11.info\/?Abdel-Hafed-Benotman-Je-crois-en#nh7\" rev=\"footnote\">7<\/a> Pour un retour sur Bunker et son point de vue sur les prisons, article <a href=\"http:\/\/www.article11.info\/spip\/spip.php?article23\" target=\"_blank\">ici<\/a><\/p>\n<p><a id=\"nb8\" title=\"Notes 8\" href=\"http:\/\/www.article11.info\/?Abdel-Hafed-Benotman-Je-crois-en#nh8\" rev=\"footnote\">8<\/a> C\u2019est une citation d\u2019Andr\u00e9 Gide\u00a0: \u00ab\u00a0<em>Le monde ne sera sauv\u00e9, s\u2019il peut l\u2019\u00eatre, que par des insoumis.<\/em>\u00a0\u00bb<\/p>\n<\/div>\n<\/div>\n<\/div>\n<div>\u00a0http:\/\/www.article11.info\/?Abdel-Hafed-Benotman-Je-crois-en<\/div>\n","protected":false},"excerpt":{"rendered":"<p>Hafed Benotman est un voyou \u00e0 l\u2019ancienne, g\u00e9n\u00e9rosit\u00e9 \u00e0 fleur de peau, grande gueule en embuscade. Un braqueur sans arme qui a pass\u00e9 17 ans en prison et n\u2019en fait pas un drame. Un auteur de romans noirs talentueux. Un &hellip; <a href=\"https:\/\/contrelenfermement.noblogs.org\/?p=389\">Continuer la lecture <span class=\"meta-nav\">&rarr;<\/span><\/a><\/p>\n","protected":false},"author":5244,"featured_media":0,"comment_status":"open","ping_status":"open","sticky":false,"template":"","format":"standard","meta":{"footnotes":""},"categories":[194],"tags":[195,278,275,274,272,197,236,279,273,277,276],"class_list":["post-389","post","type-post","status-publish","format-standard","hentry","category-auteurs","tag-abdel-hafed-benotman","tag-apatride","tag-article-11","tag-associatif","tag-ex-detenus","tag-experience","tag-france","tag-pays","tag-restaurant","tag-taule","tag-vecut"],"_links":{"self":[{"href":"https:\/\/contrelenfermement.noblogs.org\/index.php?rest_route=\/wp\/v2\/posts\/389","targetHints":{"allow":["GET"]}}],"collection":[{"href":"https:\/\/contrelenfermement.noblogs.org\/index.php?rest_route=\/wp\/v2\/posts"}],"about":[{"href":"https:\/\/contrelenfermement.noblogs.org\/index.php?rest_route=\/wp\/v2\/types\/post"}],"author":[{"embeddable":true,"href":"https:\/\/contrelenfermement.noblogs.org\/index.php?rest_route=\/wp\/v2\/users\/5244"}],"replies":[{"embeddable":true,"href":"https:\/\/contrelenfermement.noblogs.org\/index.php?rest_route=%2Fwp%2Fv2%2Fcomments&post=389"}],"version-history":[{"count":1,"href":"https:\/\/contrelenfermement.noblogs.org\/index.php?rest_route=\/wp\/v2\/posts\/389\/revisions"}],"predecessor-version":[{"id":390,"href":"https:\/\/contrelenfermement.noblogs.org\/index.php?rest_route=\/wp\/v2\/posts\/389\/revisions\/390"}],"wp:attachment":[{"href":"https:\/\/contrelenfermement.noblogs.org\/index.php?rest_route=%2Fwp%2Fv2%2Fmedia&parent=389"}],"wp:term":[{"taxonomy":"category","embeddable":true,"href":"https:\/\/contrelenfermement.noblogs.org\/index.php?rest_route=%2Fwp%2Fv2%2Fcategories&post=389"},{"taxonomy":"post_tag","embeddable":true,"href":"https:\/\/contrelenfermement.noblogs.org\/index.php?rest_route=%2Fwp%2Fv2%2Ftags&post=389"}],"curies":[{"name":"wp","href":"https:\/\/api.w.org\/{rel}","templated":true}]}}