{"id":402,"date":"2011-11-26T19:21:26","date_gmt":"2011-11-26T18:21:26","guid":{"rendered":"http:\/\/contrelenfermement.noblogs.org\/?p=402"},"modified":"2012-06-26T19:23:56","modified_gmt":"2012-06-26T18:23:56","slug":"petition-de-detenus-de-la-prison-de-lyon-corbas-sur-les-conditions-de-detention","status":"publish","type":"post","link":"https:\/\/contrelenfermement.noblogs.org\/?p=402","title":{"rendered":"P\u00e9tition de d\u00e9tenus de la prison de Lyon-Corbas sur les conditions de d\u00e9tention"},"content":{"rendered":"<p>Plus de 200 d\u00e9tenus de la maison d&rsquo;arr\u00eat de <a href=\"http:\/\/actualites.leparisien.fr\/lyon.html\">Lyon<\/a>-Corbas ont sign\u00e9 une p\u00e9tition pour demander l&rsquo;am\u00e9lioration de leurs conditions de d\u00e9tention, a indiqu\u00e9 dimanche l&rsquo;<a href=\"http:\/\/actualites.leparisien.fr\/avocat.html\">avocat<\/a> de l&rsquo;un des d\u00e9tenus, confirmant une information d&rsquo;Aujourd&rsquo;hui en <a href=\"http:\/\/actualites.leparisien.fr\/france.html\">France<\/a>.Dans un texte en cinq points, r\u00e9dig\u00e9 cet \u00e9t\u00e9, les 225 signataires (qui indiquent leurs noms, num\u00e9ro d&rsquo;\u00e9crou et b\u00e2timent) reprochent notamment \u00e0 l&rsquo;administration de la prison de les maintenir en cellule jusqu&rsquo;\u00e0 24H\/24, de les emp\u00eacher de cantiner (acqu\u00e9rir des produits en sus du minimum fourni par la prison) ou de limiter les activit\u00e9s sportives.\u00a0\u00bbIl n&rsquo;y a aucune activit\u00e9 pour les d\u00e9tenus \u00e0 Corbas\u00a0\u00bb, affirment-ils. \u00ab\u00a0Ici, il n&rsquo;y a que la lutte et la boxe. Huit d\u00e9tenus sur 600 y participent (&#8230;) et vous en avez 592 qui cr\u00e8vent en cellule\u00a0\u00bb, est-il \u00e9crit.\u00a0\u00bbComment cette administration peut refuser les PlayStation et autres effets personnels de ceux qui sont transf\u00e9r\u00e9s \u00e0 Corbas alors qu&rsquo;ils ont \u00e9t\u00e9 autoris\u00e9s \u00e0 cantiner ces biens dans d&rsquo;autres \u00e9tablissement p\u00e9nitentiaires ?\u00a0\u00bb, interrogent \u00e9galement les d\u00e9tenus, qui d\u00e9noncent un \u00ab\u00a0abus de pouvoir\u00a0\u00bb.A propos des cantines, \u00ab\u00a0infectes\u00a0\u00bb, ils reprochent \u00e0 l&rsquo;administration de leur vendre les produits \u00ab\u00a0au prix fort\u00a0\u00bb. \u00ab\u00a0Cette prison vous met \u00e0 la di\u00e8te\u00a0\u00bb, poursuivent-ils.\u00a0\u00bbNous sommes priv\u00e9s de libert\u00e9, et non pas de vivre\u00a0\u00bb, affirment les signataires dans ce texte.Me David Metaxas, d\u00e9fenseur d&rsquo;un des d\u00e9tenus \u00e0 l&rsquo;origine de la mobilisation &#8211; transf\u00e9r\u00e9 depuis en centrale &#8211; a annonc\u00e9 son intention de saisir d\u00e8s lundi le procureur g\u00e9n\u00e9ral de Lyon et le garde des Sceaux, Michel Mercier. \u00ab\u00a0Il appartient \u00e0 l&rsquo;autorit\u00e9 de tutelle de faire respecter les droits des d\u00e9tenus\u00a0\u00bb sans quoi \u00ab\u00a0nous introduirons un recours administratif\u00a0\u00bb, a-t-il ajout\u00e9.\u00a0\u00bbOn observe une longue s\u00e9rie de dysfonctionnements\u00a0\u00bb dans ce centre de d\u00e9tention, \u00ab\u00a0on a serr\u00e9 la vis au maximum\u00a0\u00bb et certains d\u00e9tenus \u00ab\u00a0ne peuvent pas voir leur avocat\u00a0\u00bb ou avoir des parloirs, selon Me Metaxas, qui accuse entre autres l&rsquo;architecture de cette nouvelle prison, le manque de surveillants et la surpopulation carc\u00e9rale.Deux hommes et une femme ont mis fin \u00e0 leurs jours \u00e0 la prison de Lyon-Corbas depuis le d\u00e9but de l&rsquo;\u00e9t\u00e9.<\/p>\n<div><\/div>\n<div>\n<address>source : AFP en date du 04.09.2011<\/address>\n<\/div>\n","protected":false},"excerpt":{"rendered":"<p>Plus de 200 d\u00e9tenus de la maison d&rsquo;arr\u00eat de Lyon-Corbas ont sign\u00e9 une p\u00e9tition pour demander l&rsquo;am\u00e9lioration de leurs conditions de d\u00e9tention, a indiqu\u00e9 dimanche l&rsquo;avocat de l&rsquo;un des d\u00e9tenus, confirmant une information d&rsquo;Aujourd&rsquo;hui en France.Dans un texte en cinq &hellip; <a href=\"https:\/\/contrelenfermement.noblogs.org\/?p=402\">Continuer la lecture <span class=\"meta-nav\">&rarr;<\/span><\/a><\/p>\n","protected":false},"author":5244,"featured_media":0,"comment_status":"open","ping_status":"open","sticky":false,"template":"","format":"standard","meta":{"footnotes":""},"categories":[68],"tags":[96,286],"class_list":["post-402","post","type-post","status-publish","format-standard","hentry","category-actualites-informations","tag-lyon","tag-petition"],"_links":{"self":[{"href":"https:\/\/contrelenfermement.noblogs.org\/index.php?rest_route=\/wp\/v2\/posts\/402","targetHints":{"allow":["GET"]}}],"collection":[{"href":"https:\/\/contrelenfermement.noblogs.org\/index.php?rest_route=\/wp\/v2\/posts"}],"about":[{"href":"https:\/\/contrelenfermement.noblogs.org\/index.php?rest_route=\/wp\/v2\/types\/post"}],"author":[{"embeddable":true,"href":"https:\/\/contrelenfermement.noblogs.org\/index.php?rest_route=\/wp\/v2\/users\/5244"}],"replies":[{"embeddable":true,"href":"https:\/\/contrelenfermement.noblogs.org\/index.php?rest_route=%2Fwp%2Fv2%2Fcomments&post=402"}],"version-history":[{"count":2,"href":"https:\/\/contrelenfermement.noblogs.org\/index.php?rest_route=\/wp\/v2\/posts\/402\/revisions"}],"predecessor-version":[{"id":404,"href":"https:\/\/contrelenfermement.noblogs.org\/index.php?rest_route=\/wp\/v2\/posts\/402\/revisions\/404"}],"wp:attachment":[{"href":"https:\/\/contrelenfermement.noblogs.org\/index.php?rest_route=%2Fwp%2Fv2%2Fmedia&parent=402"}],"wp:term":[{"taxonomy":"category","embeddable":true,"href":"https:\/\/contrelenfermement.noblogs.org\/index.php?rest_route=%2Fwp%2Fv2%2Fcategories&post=402"},{"taxonomy":"post_tag","embeddable":true,"href":"https:\/\/contrelenfermement.noblogs.org\/index.php?rest_route=%2Fwp%2Fv2%2Ftags&post=402"}],"curies":[{"name":"wp","href":"https:\/\/api.w.org\/{rel}","templated":true}]}}