{"id":516,"date":"2012-07-26T11:23:32","date_gmt":"2012-07-26T10:23:32","guid":{"rendered":"http:\/\/contrelenfermement.noblogs.org\/?p=516"},"modified":"2012-07-26T11:23:32","modified_gmt":"2012-07-26T10:23:32","slug":"un-homme-de-46-ans-se-serait-suicide-detenu-a-la-prison-des-baumettes-a-marseille","status":"publish","type":"post","link":"https:\/\/contrelenfermement.noblogs.org\/?p=516","title":{"rendered":"Un homme de 46 ans se serait suicid\u00e9- d\u00e9tenu \u00e0 la prison des Baumettes \u00e0 Marseille."},"content":{"rendered":"<div>\n<p>Un homme de 46 ans, s&rsquo;est pendu lundi apr\u00e8s-midi dans sa cellule de la prison des Baumettes \u00e0 Marseille.\u00a0Les surveillants l&rsquo;ont d\u00e9couvert\u00a0pendu avec sa ceinture, lors d&rsquo;une ronde. <strong>L&rsquo;homme\u00a0\u00e9tait incarc\u00e9r\u00e9 pour conduite sous l&#8217;emprise de l&rsquo;alcool en r\u00e9cidive.<\/strong><\/p>\n<\/div>\n<p>Ce d\u00e9tenu, condamn\u00e9 \u00e0 un an de prison, avait fait une tentative de suicide lundi dans la matin\u00e9e.<\/p>\n<p>source : http:\/\/provence-alpes.france3.fr\/info\/un-detenu-se-suicide-a-la-prison-des-baumettes-74989837.html<\/p>\n<p><img decoding=\"async\" title=\"\" src=\"http:\/\/medias.francetv.fr\/cpbibl\/url_images\/2012\/07\/25\/image_74989779.jpg\" alt=\"\" \/><\/p>\n","protected":false},"excerpt":{"rendered":"<p>Un homme de 46 ans, s&rsquo;est pendu lundi apr\u00e8s-midi dans sa cellule de la prison des Baumettes \u00e0 Marseille.\u00a0Les surveillants l&rsquo;ont d\u00e9couvert\u00a0pendu avec sa ceinture, lors d&rsquo;une ronde. L&rsquo;homme\u00a0\u00e9tait incarc\u00e9r\u00e9 pour conduite sous l&#8217;emprise de l&rsquo;alcool en r\u00e9cidive. Ce d\u00e9tenu, &hellip; <a href=\"https:\/\/contrelenfermement.noblogs.org\/?p=516\">Continuer la lecture <span class=\"meta-nav\">&rarr;<\/span><\/a><\/p>\n","protected":false},"author":5244,"featured_media":0,"comment_status":"open","ping_status":"open","sticky":false,"template":"","format":"standard","meta":{"footnotes":""},"categories":[10],"tags":[417,414,415,416,17,418],"class_list":["post-516","post","type-post","status-publish","format-standard","hentry","category-ils-ont-ete-tues","tag-alcool","tag-baumettes","tag-ceinture","tag-emprisonnement","tag-suicide","tag-voiture"],"_links":{"self":[{"href":"https:\/\/contrelenfermement.noblogs.org\/index.php?rest_route=\/wp\/v2\/posts\/516","targetHints":{"allow":["GET"]}}],"collection":[{"href":"https:\/\/contrelenfermement.noblogs.org\/index.php?rest_route=\/wp\/v2\/posts"}],"about":[{"href":"https:\/\/contrelenfermement.noblogs.org\/index.php?rest_route=\/wp\/v2\/types\/post"}],"author":[{"embeddable":true,"href":"https:\/\/contrelenfermement.noblogs.org\/index.php?rest_route=\/wp\/v2\/users\/5244"}],"replies":[{"embeddable":true,"href":"https:\/\/contrelenfermement.noblogs.org\/index.php?rest_route=%2Fwp%2Fv2%2Fcomments&post=516"}],"version-history":[{"count":2,"href":"https:\/\/contrelenfermement.noblogs.org\/index.php?rest_route=\/wp\/v2\/posts\/516\/revisions"}],"predecessor-version":[{"id":518,"href":"https:\/\/contrelenfermement.noblogs.org\/index.php?rest_route=\/wp\/v2\/posts\/516\/revisions\/518"}],"wp:attachment":[{"href":"https:\/\/contrelenfermement.noblogs.org\/index.php?rest_route=%2Fwp%2Fv2%2Fmedia&parent=516"}],"wp:term":[{"taxonomy":"category","embeddable":true,"href":"https:\/\/contrelenfermement.noblogs.org\/index.php?rest_route=%2Fwp%2Fv2%2Fcategories&post=516"},{"taxonomy":"post_tag","embeddable":true,"href":"https:\/\/contrelenfermement.noblogs.org\/index.php?rest_route=%2Fwp%2Fv2%2Ftags&post=516"}],"curies":[{"name":"wp","href":"https:\/\/api.w.org\/{rel}","templated":true}]}}