{"id":525,"date":"2012-07-23T10:56:11","date_gmt":"2012-07-23T09:56:11","guid":{"rendered":"http:\/\/contrelenfermement.noblogs.org\/?p=525"},"modified":"2012-07-29T10:58:18","modified_gmt":"2012-07-29T09:58:18","slug":"bruxelles-un-prisonnier-brule-une-cellule-disolement","status":"publish","type":"post","link":"https:\/\/contrelenfermement.noblogs.org\/?p=525","title":{"rendered":"Bruxelles &#8211; Un prisonnier br\u00fble une cellule d&rsquo;isolement"},"content":{"rendered":"<p>Un d\u00e9but d\u2019incendie \u00e0 la prison de Saint-Gilles a \u00e9t\u00e9 ma\u00eetris\u00e9 par les pompiers de Bruxelles samedi soir.<\/p>\n<p>Un d\u00e9tenu avait bout\u00e9 le feu \u00e0 son matelas peu apr\u00e8s 22 heures. Il avait au pr\u00e9alable re\u00e7u un rapport qui l&rsquo;enjoignait \u00e0 se pr\u00e9senter devant la direction de l&rsquo;\u00e9tablissement p\u00e9nitentiaire, a indiqu\u00e9 une source syndicale.<\/p>\n<p>L\u2019homme se trouvait seul dans une cellule privative. Le d\u00e9tenu n&rsquo;aurait \u00e9t\u00e9 que l\u00e9g\u00e8rement bless\u00e9 et l&rsquo;incident n&rsquo;a donc fait aucune victime.<\/p>\n<p>22\/7\/2012<br \/>\n<a href=\"http:\/\/www.dhnet.be\/\">source : http:\/\/www.dhnet.be\/<\/a><\/p>\n","protected":false},"excerpt":{"rendered":"<p>Un d\u00e9but d\u2019incendie \u00e0 la prison de Saint-Gilles a \u00e9t\u00e9 ma\u00eetris\u00e9 par les pompiers de Bruxelles samedi soir. Un d\u00e9tenu avait bout\u00e9 le feu \u00e0 son matelas peu apr\u00e8s 22 heures. Il avait au pr\u00e9alable re\u00e7u un rapport qui l&rsquo;enjoignait &hellip; <a href=\"https:\/\/contrelenfermement.noblogs.org\/?p=525\">Continuer la lecture <span class=\"meta-nav\">&rarr;<\/span><\/a><\/p>\n","protected":false},"author":5244,"featured_media":0,"comment_status":"open","ping_status":"open","sticky":false,"template":"","format":"standard","meta":{"footnotes":""},"categories":[68,3],"tags":[97,426,428,430,431,105,429],"class_list":["post-525","post","type-post","status-publish","format-standard","hentry","category-actualites-informations","category-prisons","tag-belgique","tag-bruxelles","tag-feu","tag-individu","tag-rage","tag-revolte","tag-saint-gilles"],"_links":{"self":[{"href":"https:\/\/contrelenfermement.noblogs.org\/index.php?rest_route=\/wp\/v2\/posts\/525","targetHints":{"allow":["GET"]}}],"collection":[{"href":"https:\/\/contrelenfermement.noblogs.org\/index.php?rest_route=\/wp\/v2\/posts"}],"about":[{"href":"https:\/\/contrelenfermement.noblogs.org\/index.php?rest_route=\/wp\/v2\/types\/post"}],"author":[{"embeddable":true,"href":"https:\/\/contrelenfermement.noblogs.org\/index.php?rest_route=\/wp\/v2\/users\/5244"}],"replies":[{"embeddable":true,"href":"https:\/\/contrelenfermement.noblogs.org\/index.php?rest_route=%2Fwp%2Fv2%2Fcomments&post=525"}],"version-history":[{"count":2,"href":"https:\/\/contrelenfermement.noblogs.org\/index.php?rest_route=\/wp\/v2\/posts\/525\/revisions"}],"predecessor-version":[{"id":527,"href":"https:\/\/contrelenfermement.noblogs.org\/index.php?rest_route=\/wp\/v2\/posts\/525\/revisions\/527"}],"wp:attachment":[{"href":"https:\/\/contrelenfermement.noblogs.org\/index.php?rest_route=%2Fwp%2Fv2%2Fmedia&parent=525"}],"wp:term":[{"taxonomy":"category","embeddable":true,"href":"https:\/\/contrelenfermement.noblogs.org\/index.php?rest_route=%2Fwp%2Fv2%2Fcategories&post=525"},{"taxonomy":"post_tag","embeddable":true,"href":"https:\/\/contrelenfermement.noblogs.org\/index.php?rest_route=%2Fwp%2Fv2%2Ftags&post=525"}],"curies":[{"name":"wp","href":"https:\/\/api.w.org\/{rel}","templated":true}]}}