{"id":560,"date":"2012-08-16T08:27:24","date_gmt":"2012-08-16T07:27:24","guid":{"rendered":"http:\/\/contrelenfermement.noblogs.org\/?p=560"},"modified":"2012-08-16T08:27:24","modified_gmt":"2012-08-16T07:27:24","slug":"bethune-un-homme-de-23-ans-se-suicide-en-prison","status":"publish","type":"post","link":"https:\/\/contrelenfermement.noblogs.org\/?p=560","title":{"rendered":"B\u00e9thune: un homme de 23 ans se suicide en prison"},"content":{"rendered":"<p>Le d\u00e9tenu, sous surveillance apr\u00e8s un premier passage \u00e0 l&rsquo;acte, est mort mardi 14 Ao\u00fbt apr\u00e8s-midi \u00e0 la maison d&rsquo;arr\u00eat de B\u00e9thune.<br \/>\nLe jeune homme de 23 ans \u00e9tait sous surveillance accrue apr\u00e8s une premi\u00e8re tentative mais est finalement pass\u00e9 \u00e0 l&rsquo;acte avec ses draps, a indiqu\u00e9 une source. Des probl\u00e8mes familiaux seraient \u00e0 l&rsquo;origine de son geste. Les secours, pr\u00e9venus rapidement, n&rsquo;ont pas pu le r\u00e9animer.<\/p>\n<p>&nbsp;<\/p>\n<p>source :\u00a0 <img decoding=\"async\" src=\"http:\/\/static.lexpress.fr\/imgstat\/article\/icons\/fpa.png\" alt=\"\" \/><\/p>\n<div><\/div>\n","protected":false},"excerpt":{"rendered":"<p>Le d\u00e9tenu, sous surveillance apr\u00e8s un premier passage \u00e0 l&rsquo;acte, est mort mardi 14 Ao\u00fbt apr\u00e8s-midi \u00e0 la maison d&rsquo;arr\u00eat de B\u00e9thune. Le jeune homme de 23 ans \u00e9tait sous surveillance accrue apr\u00e8s une premi\u00e8re tentative mais est finalement pass\u00e9 &hellip; <a href=\"https:\/\/contrelenfermement.noblogs.org\/?p=560\">Continuer la lecture <span class=\"meta-nav\">&rarr;<\/span><\/a><\/p>\n","protected":false},"author":5244,"featured_media":0,"comment_status":"open","ping_status":"open","sticky":false,"template":"","format":"standard","meta":{"footnotes":""},"categories":[10],"tags":[],"class_list":["post-560","post","type-post","status-publish","format-standard","hentry","category-ils-ont-ete-tues"],"_links":{"self":[{"href":"https:\/\/contrelenfermement.noblogs.org\/index.php?rest_route=\/wp\/v2\/posts\/560","targetHints":{"allow":["GET"]}}],"collection":[{"href":"https:\/\/contrelenfermement.noblogs.org\/index.php?rest_route=\/wp\/v2\/posts"}],"about":[{"href":"https:\/\/contrelenfermement.noblogs.org\/index.php?rest_route=\/wp\/v2\/types\/post"}],"author":[{"embeddable":true,"href":"https:\/\/contrelenfermement.noblogs.org\/index.php?rest_route=\/wp\/v2\/users\/5244"}],"replies":[{"embeddable":true,"href":"https:\/\/contrelenfermement.noblogs.org\/index.php?rest_route=%2Fwp%2Fv2%2Fcomments&post=560"}],"version-history":[{"count":2,"href":"https:\/\/contrelenfermement.noblogs.org\/index.php?rest_route=\/wp\/v2\/posts\/560\/revisions"}],"predecessor-version":[{"id":562,"href":"https:\/\/contrelenfermement.noblogs.org\/index.php?rest_route=\/wp\/v2\/posts\/560\/revisions\/562"}],"wp:attachment":[{"href":"https:\/\/contrelenfermement.noblogs.org\/index.php?rest_route=%2Fwp%2Fv2%2Fmedia&parent=560"}],"wp:term":[{"taxonomy":"category","embeddable":true,"href":"https:\/\/contrelenfermement.noblogs.org\/index.php?rest_route=%2Fwp%2Fv2%2Fcategories&post=560"},{"taxonomy":"post_tag","embeddable":true,"href":"https:\/\/contrelenfermement.noblogs.org\/index.php?rest_route=%2Fwp%2Fv2%2Ftags&post=560"}],"curies":[{"name":"wp","href":"https:\/\/api.w.org\/{rel}","templated":true}]}}