{"id":579,"date":"2012-08-15T16:47:44","date_gmt":"2012-08-15T15:47:44","guid":{"rendered":"http:\/\/contrelenfermement.noblogs.org\/?p=579"},"modified":"2012-09-15T16:53:26","modified_gmt":"2012-09-15T15:53:26","slug":"les-kanaks-de-la-prison-poubelle-de-noumea-inquietent-christiane-taubira","status":"publish","type":"post","link":"https:\/\/contrelenfermement.noblogs.org\/?p=579","title":{"rendered":"Les kanaks de la prison poubelle de Noum\u00e9a inqui\u00e8tent Christiane Taubira"},"content":{"rendered":"<p>Deux mutineries ont \u00e9clat\u00e9 dans la prison de Noum\u00e9a, en moins d&rsquo;un mois. Les t\u00e9moignages des d\u00e9tenus sont accablants sur la situation d&rsquo;un \u00e9tablissement plus proche d&rsquo;un bagne que d&rsquo;une prison.<\/p>\n<p>Lundi 6 aout, la ministre de la Justice, Christiane Taubira a \u00e9voqu\u00e9 la possibilit\u00e9 de l&rsquo;envoi d&rsquo;une mission sur place.<\/p>\n<p>\u00ab Fous le feu ! Fous le feu ! \u00bb C\u2019est la fin de la promenade, samedi 4 ao\u00fbt, lorsqu\u2019une centaine de d\u00e9tenus de la prison de Noum\u00e9a, dit Camp-Est, en Nouvelle-Cal\u00e9donie, d\u00e9clenchent une mutinerie dans la cour du centre p\u00e9nitentiaire. Des palettes prennent feu, une fum\u00e9e noire s\u2019\u00e9chappe de l\u2019enceinte du camp. Pompiers et forces de l&rsquo;ordre se massent devant les grilles de la prison. C\u2019est la deuxi\u00e8me mutinerie en moins d\u2019un mois \u00e0 Noum\u00e9a. La pr\u00e9c\u00e9dente r\u00e9bellion des prisonniers remonte au 14 juillet.<\/p>\n<p>Ce mouvement spontan\u00e9 a contraint la ministre de la Justice, Christiane Taubira, \u00e0 prendre position, lundi 6 ao\u00fbt. \u00ab J\u2019\u00e9tudie s\u00e9rieusement l\u2019\u00e9ventualit\u00e9 d\u2019une mission du minist\u00e8re de la Justice [\u00e0 Noum\u00e9a] \u00bb, a-t-elle d\u00e9clar\u00e9, pr\u00e9cisant qu\u2019elle ne serait \u00ab pas uniquement centr\u00e9e sur la question p\u00e9nitentiaire \u00bb, mais aussi sur le \u00ab fonctionnement de la justice en Nouvelle-Cal\u00e9donie \u00bb. La priorit\u00e9 n\u2019en reste pas moins celle du sort r\u00e9serv\u00e9 aux 480 d\u00e9tenus entass\u00e9s dans une prison qui ne dispose officiellement que de 226 places.<br \/>\nQue se passe-t-il \u00e0 Camp-Est pour que les d\u00e9tenus se mutinent, que les tentatives d\u2019\u00e9vasion soient\u00a0 si fr\u00e9quentes et que la justice d\u00e9cide de sanctionner l\u2019Etat fran\u00e7ais ?<\/p>\n<p>Le mardi 31 juillet, le tribunal administratif de Nouvelle-Cal\u00e9donie\u00a0 a en effet donn\u00e9 raison \u00e0 trente d\u00e9tenus qui poursuivaient l\u2019Etat depuis mars 2012 pour des conditions de d\u00e9tention qu\u2019ils jugent attentatoires \u00e0 la dignit\u00e9 humaine. L\u2019Etat a \u00e9t\u00e9 condamn\u00e9 \u00e0 indemniser les requ\u00e9rants \u00e0 hauteur de 20 000 francs CFP, soit 167 euros chacun. Depuis, une soixantaine de d\u00e9tenus s\u2019organisent\u00a0 pour poursuivre \u00e0 nouveau la France devant la justice.<\/p>\n<p>Dans un rapport tr\u00e8s s\u00e9v\u00e8re, rendu public fin 2011, le contr\u00f4leur g\u00e9n\u00e9ral des prisons, Jean-Marie Delarue, jugeait la situation de l\u2019\u00e9tablissement \u00ab gravissime \u00bb, d\u00e9non\u00e7ant la pr\u00e9sence de cafards, une chaleur insupportable et des d\u00e9tenus victimes d\u2019une promiscuit\u00e9 dramatique. Certaines cellules abritent pas moins de six d\u00e9tenus pour 12m2. \u00ab La situation tr\u00e8s alarmante de ces lieux est sans conteste constitutive d\u2019une violation grave des droits fondamentaux des six cents trente personnes qui s\u2019y entassent \u00bb, pouvait-on lire dans le compte-rendu de sa visite effectu\u00e9e sur place, en octobre.<\/p>\n<p>Plus \u00e9difiants encore, des t\u00e9moignages de d\u00e9tenus rappellent l&rsquo;ouvrage d&rsquo;Albert Londres Au bagne. L&rsquo;Observatoire international des prisons (OIP) et la Ligue des droits de l&rsquo;homme en Nouvelle-Cal\u00e9donie (LDH-NC) ont recuilli, par courrier, les r\u00e9cits des\u00a0 prisonniers pour monter le dossier de recours administratif. Dans un article intitul\u00e9 \u00abCamp-Est, bagne \u2018post colonial\u2019\u00bb, certains d&rsquo;entre eux sont publi\u00e9s:<\/p>\n<p>\u00ab On vous am\u00e8ne de l\u2019eau chaude et du pain vers 6 heures. Une fois que vous avez d\u00e9jeun\u00e9, vous vous recouchez pour laisser la place aux autres \u00e0 la table, jusqu\u2019\u00e0 la promenade de 30 minutes qui n\u2019est jamais \u00e0 la m\u00eame heure. Ensuite vous regagnez votre cellule. Quand les W.C. sont libres, vous faites vos besoins et vous en pro\ufb01tez\u00a0 pour vous laver avec un broc au dessus du trou des W.C \u00e0 la turque avec l\u2019eau des toilettes. Vous passez le reste de votre journ\u00e9e allong\u00e9 \u00e0 regarder la t\u00e9l\u00e9 ou \u00e0 \u00e9couter de la musique aux \u00e9couteurs a\ufb01n de vous isoler des cinq autres d\u00e9tenus. L\u2019apr\u00e8s-midi, il y a \u00e0 nouveau une promenade de 30 minutes, ensuite vous restez enferm\u00e9 jusqu\u2019au lendemain. Le plus dur, c\u2019est le bruit : cris, hurlements, insultes, menaces, tapage dans les portes en fer, t\u00e9l\u00e9 24 heures sur 24, postes de radio mis au maximum. Odeur de chaud, de transpiration, de cigarette, de merde, de pisse. \u00bb<\/p>\n<p>Tous \u00e9voquent \u00ab la chaleur et les rats \u00bb. Beaucoup tombent malades. \u00ab Depuis que je suis arriv\u00e9 en 2009, j\u2019ai eu trois \u00ab gastro \u00bb et la gale. J\u2019ai r\u00e9guli\u00e8rement mal au ventre et la courante. La semaine derni\u00e8re, j\u2019ai eu un traitement pour la leptospirose, maladie due aux rats, \u00bb t\u00e9moigne l\u2019un d\u2019eux. Un autre \u00e9voque l&rsquo;organisation en cellule : \u00abA six dans une cellule, nous disposons de 3,80 m2 pour circuler. Cela oblige tout le temps deux \u00e0 trois d&rsquo;entre nous \u00e0 rester couch\u00e9s sur nos lits, car nous ne pouvons pas non plus nous asseoir, ces lits \u00e9tant verticalement s\u00e9par\u00e9s de 60 cm\u00bb.<\/p>\n<p>A en croire l&rsquo;OIP, la prison accueille en grande majorit\u00e9 de jeunes kanaks \u00abparmi lesquels un tiers sont condamn\u00e9s pour des peines de moins d&rsquo;un an (&#8230;) 15% pour des faits de conduite en \u00e9tat alcoolique, 28% pour des vols.\u00bb<\/p>\n<p>Le dossier Camp-Est n\u2019est pas nouveau. Michel Alliot Marie, ancienne garde des Sceaux avaient d\u00e9j\u00e0 promis en son temps\u00a0 une \u00abrestructuration lourde\u00bb de la prison. Sans effet. Un projet de r\u00e9novation et reconstruction a bien \u00e9t\u00e9 d\u00e9pos\u00e9 par l\u2019administration p\u00e9nitentiaire sauf que la mairie de Noum\u00e9a s\u2019oppose \u00e0 la d\u00e9livrance du permis de construire n\u00e9cessaire. Motif : la municipalit\u00e9 souhaiterait r\u00e9cup\u00e9rer le terrain cibl\u00e9 par le projet afin d\u2019 y faire construire un site touristique \u2026<\/p>\n<p>Reste \u00e0 savoir si la mission envisag\u00e9e par Christiane Taubira permettra d\u2019acc\u00e9l\u00e9rer les choses. Le syndicat de surveillants FO-P\u00e9nitentaire en doute. Dans un communiqu\u00e9 diffus\u00e9 lundi, il \u00abexige l\u2019acc\u00e9l\u00e9ration des proc\u00e9dures pour la construction d&rsquo;un nouvel \u00e9tablissement avec un vrai dossier et pas seulement l&rsquo;envoi sur place d&rsquo;une \u00e9ni\u00e8me d\u00e9l\u00e9gation, qui chercherait \u00e0 \u00ab\u00a0calmer le jeu\u00a0\u00bb, voire \u00e0 se donner bonne conscience\u2026\u00bb En attendant, la prison de Camp-Est continue d\u2019enregistrer un taux de d\u00e9tention d\u2019au moins 40% sup\u00e9rieur \u00e0 celui de la m\u00e9tropole. M\u00e9tropole o\u00f9 les prisons n\u2019ont pas (encore) fait parler d\u2019elles cet \u00e9t\u00e9 mais qui seront l&rsquo;un des dossiers chauds de la ministre \u00e0 la rentr\u00e9e.<\/p>\n<address>\nEn date du 6 aout, source : marianne<br \/>\n<\/address>\n<p>&nbsp;<\/p>\n","protected":false},"excerpt":{"rendered":"<p>Deux mutineries ont \u00e9clat\u00e9 dans la prison de Noum\u00e9a, en moins d&rsquo;un mois. Les t\u00e9moignages des d\u00e9tenus sont accablants sur la situation d&rsquo;un \u00e9tablissement plus proche d&rsquo;un bagne que d&rsquo;une prison. Lundi 6 aout, la ministre de la Justice, Christiane &hellip; <a href=\"https:\/\/contrelenfermement.noblogs.org\/?p=579\">Continuer la lecture <span class=\"meta-nav\">&rarr;<\/span><\/a><\/p>\n","protected":false},"author":5244,"featured_media":0,"comment_status":"open","ping_status":"open","sticky":false,"template":"","format":"standard","meta":{"footnotes":""},"categories":[68,3],"tags":[483,484,485,28,18,488,71,486,487,385,15,105,401],"class_list":["post-579","post","type-post","status-publish","format-standard","hentry","category-actualites-informations","category-prisons","tag-camp-est","tag-controleur-general-des-prisons","tag-delarue","tag-detention","tag-justice","tag-marianne","tag-mutinerie","tag-noumea","tag-nouvelle-caledonie","tag-oip","tag-prison","tag-revolte","tag-taubira"],"_links":{"self":[{"href":"https:\/\/contrelenfermement.noblogs.org\/index.php?rest_route=\/wp\/v2\/posts\/579","targetHints":{"allow":["GET"]}}],"collection":[{"href":"https:\/\/contrelenfermement.noblogs.org\/index.php?rest_route=\/wp\/v2\/posts"}],"about":[{"href":"https:\/\/contrelenfermement.noblogs.org\/index.php?rest_route=\/wp\/v2\/types\/post"}],"author":[{"embeddable":true,"href":"https:\/\/contrelenfermement.noblogs.org\/index.php?rest_route=\/wp\/v2\/users\/5244"}],"replies":[{"embeddable":true,"href":"https:\/\/contrelenfermement.noblogs.org\/index.php?rest_route=%2Fwp%2Fv2%2Fcomments&post=579"}],"version-history":[{"count":2,"href":"https:\/\/contrelenfermement.noblogs.org\/index.php?rest_route=\/wp\/v2\/posts\/579\/revisions"}],"predecessor-version":[{"id":581,"href":"https:\/\/contrelenfermement.noblogs.org\/index.php?rest_route=\/wp\/v2\/posts\/579\/revisions\/581"}],"wp:attachment":[{"href":"https:\/\/contrelenfermement.noblogs.org\/index.php?rest_route=%2Fwp%2Fv2%2Fmedia&parent=579"}],"wp:term":[{"taxonomy":"category","embeddable":true,"href":"https:\/\/contrelenfermement.noblogs.org\/index.php?rest_route=%2Fwp%2Fv2%2Fcategories&post=579"},{"taxonomy":"post_tag","embeddable":true,"href":"https:\/\/contrelenfermement.noblogs.org\/index.php?rest_route=%2Fwp%2Fv2%2Ftags&post=579"}],"curies":[{"name":"wp","href":"https:\/\/api.w.org\/{rel}","templated":true}]}}