{"id":602,"date":"2012-10-03T11:33:20","date_gmt":"2012-10-03T10:33:20","guid":{"rendered":"http:\/\/contrelenfermement.noblogs.org\/?p=602"},"modified":"2012-10-03T11:33:20","modified_gmt":"2012-10-03T10:33:20","slug":"sur-laffaire-de-malin-mendy-alors-detenu-au-centre-penitentiaire-dannoeullin-g-e-p","status":"publish","type":"post","link":"https:\/\/contrelenfermement.noblogs.org\/?p=602","title":{"rendered":"Sur l&rsquo;affaire de Malin Mendy, alors d\u00e9tenu au centre p\u00e9nitentiaire d&rsquo;Annoeullin (G.E.P.)"},"content":{"rendered":"<p style=\"text-align: justify;\"><span style=\"font-family: Garamond,serif;\">Le 20 Juin 2012, l\u2019audience correctionnelle au cours de laquelle \u00e9tait jug\u00e9 Malin Mendy s\u2019ouvrait au Tribunal de Grande Instance de Lille. Il comparaissait pour de soi-disant faits de violence \u00e0 l\u2019encontre de surveillants du centre p\u00e9nitentiaire d\u2019Ann\u0153ullin. <\/span><\/p>\n<p style=\"text-align: justify;\"><span style=\"font-family: Garamond,serif;\">Condamn\u00e9 \u00e0 2 ann\u00e9es de prison suppl\u00e9mentaires, et \u00e0 une lourde amende, Malin Mendy a fait appel de cette d\u00e9cision, et a comparu, le 14 ao\u00fbt 2012, devant la cour d\u2019appel de Douai.<\/span><\/p>\n<p style=\"text-align: justify;\"><span style=\"font-family: Garamond,serif;\">Certains des m\u00e9canismes de domination et de censure s\u2019y lisent tr\u00e8s clairement\u00a0: le statut de prisonnier r\u00e9sume l\u2019accus\u00e9 et lui retire le droit \u00e0 la parole. De tels comptes-rendus d\u2019audience peuvent donner \u00e0 voir ces m\u00e9canismes dans leur nudit\u00e9, lorsque les commentaires de presse les passent la plupart du temps sous silence. Le fonctionnement du proc\u00e8s, sa chor\u00e9graphie, tous les effets d\u2019\u00e9crasement qu\u2019elles impliquent font partie int\u00e9grante de l\u2019enqu\u00eate dans laquelle nous nous inscrivons, tout comme le fait de relayer la parole de ceux qui s\u2019y trouvent confront\u00e9s. <\/span><\/p>\n","protected":false},"excerpt":{"rendered":"<p>Le 20 Juin 2012, l\u2019audience correctionnelle au cours de laquelle \u00e9tait jug\u00e9 Malin Mendy s\u2019ouvrait au Tribunal de Grande Instance de Lille. Il comparaissait pour de soi-disant faits de violence \u00e0 l\u2019encontre de surveillants du centre p\u00e9nitentiaire d\u2019Ann\u0153ullin. Condamn\u00e9 \u00e0 &hellip; <a href=\"https:\/\/contrelenfermement.noblogs.org\/?p=602\">Continuer la lecture <span class=\"meta-nav\">&rarr;<\/span><\/a><\/p>\n","protected":false},"author":5244,"featured_media":0,"comment_status":"open","ping_status":"open","sticky":false,"template":"","format":"standard","meta":{"footnotes":""},"categories":[82],"tags":[45,46,18,15,23],"class_list":["post-602","post","type-post","status-publish","format-standard","hentry","category-groupe-enquete-prison","tag-gardiens","tag-humiliation","tag-justice","tag-prison","tag-temoignages-2"],"_links":{"self":[{"href":"https:\/\/contrelenfermement.noblogs.org\/index.php?rest_route=\/wp\/v2\/posts\/602","targetHints":{"allow":["GET"]}}],"collection":[{"href":"https:\/\/contrelenfermement.noblogs.org\/index.php?rest_route=\/wp\/v2\/posts"}],"about":[{"href":"https:\/\/contrelenfermement.noblogs.org\/index.php?rest_route=\/wp\/v2\/types\/post"}],"author":[{"embeddable":true,"href":"https:\/\/contrelenfermement.noblogs.org\/index.php?rest_route=\/wp\/v2\/users\/5244"}],"replies":[{"embeddable":true,"href":"https:\/\/contrelenfermement.noblogs.org\/index.php?rest_route=%2Fwp%2Fv2%2Fcomments&post=602"}],"version-history":[{"count":1,"href":"https:\/\/contrelenfermement.noblogs.org\/index.php?rest_route=\/wp\/v2\/posts\/602\/revisions"}],"predecessor-version":[{"id":603,"href":"https:\/\/contrelenfermement.noblogs.org\/index.php?rest_route=\/wp\/v2\/posts\/602\/revisions\/603"}],"wp:attachment":[{"href":"https:\/\/contrelenfermement.noblogs.org\/index.php?rest_route=%2Fwp%2Fv2%2Fmedia&parent=602"}],"wp:term":[{"taxonomy":"category","embeddable":true,"href":"https:\/\/contrelenfermement.noblogs.org\/index.php?rest_route=%2Fwp%2Fv2%2Fcategories&post=602"},{"taxonomy":"post_tag","embeddable":true,"href":"https:\/\/contrelenfermement.noblogs.org\/index.php?rest_route=%2Fwp%2Fv2%2Ftags&post=602"}],"curies":[{"name":"wp","href":"https:\/\/api.w.org\/{rel}","templated":true}]}}