{"id":604,"date":"2012-10-03T11:34:52","date_gmt":"2012-10-03T10:34:52","guid":{"rendered":"http:\/\/contrelenfermement.noblogs.org\/?p=604"},"modified":"2012-10-03T11:34:52","modified_gmt":"2012-10-03T10:34:52","slug":"lettre-de-malin-mendy-prison-de-laon-du-26-septembre-2012-g-e-p","status":"publish","type":"post","link":"https:\/\/contrelenfermement.noblogs.org\/?p=604","title":{"rendered":"Lettre de Malin Mendy, Prison de Laon, du 26 septembre 2012 (G.E.P.)"},"content":{"rendered":"<p align=\"JUSTIFY\">Tout le soutien que vous ainsi que les organismes pouvez m\u2019apporter me touche profond\u00e9ment. Recevez mes excuses pour ce retard\u00a0! J\u2019ai toujours pas r\u00e9cup\u00e9r\u00e9 depuis cette agression dont je suis l\u2019unique victime&#8230; Ah les m\u00e9fiances\u00a0! Et fid\u00e8le \u00e0 moi-m\u00eame, je ne demande que mes droits soient respect\u00e9s. Mais \u00e0 Annoeullin je n\u2019ai pas l\u2019intention de laisser ces gens torturer autrui, et briser des familles&#8230; C\u2019est l\u00e0 r\u00e9alit\u00e9, et je diffame pas\u00a0! Cependant je vous donne mon accord pour tout disposition que vous jugerez utile, et de communiquer mes \u00e9crits, relay\u00e9s dans l\u2019int\u00e9gralit\u00e9 afin que v\u00e9rit\u00e9 soit r\u00e9v\u00e9l\u00e9e au grand jour. Comme vous le savez je suis pass\u00e9 en appel le 14\/08 \u00e0 Douai, d\u00e9lib\u00e9r\u00e9 le 24\/09\u00a0! Aujourd\u2019hui m\u00eame, j\u2019attends patiemment la d\u00e9cision&#8230; (quoi qu\u2019ils me condamnent je vais en cassation!) car je n\u2019ai pas \u00e0 \u00eatre condamn\u00e9. Je n\u2019ai rien fait&#8230; et je ne l\u2019accepterai jamais, d\u2019\u00eatre la mule d\u2019un syst\u00e8me qui se pense intouchable&#8230; Ils sont tr\u00e8s tr\u00e8s s\u00fbrs d\u2019eux , puisqu\u2019il y a des tribunaux qui les prot\u00e8gent et leur donnent toujours plus de droits \u00e0 torturer en toute impunit\u00e9\u00a0! Mais sachez que chaque jour qui passe, je pense \u00e0 ce 30 avril 2012 dans l\u2019office du CP d\u2019Annoeullin\u00a0! C\u2019\u00e9tait de la haine de la part de ces \u00ab\u00a0cow-boys du Nord\u00a0\u00bb d\u2019Annoeullin, \u00e9tablissement de non droit et d\u2019abus parfois permanents. Depuis que je fr\u00e9quente le milieu carc\u00e9ral (1984, je n\u2019en suis pas fier), je n\u2019ai jamais subi tant de haine de la part de ces cow-boys qui sont passibles de la cour d\u2019assises\u00a0! Il faut que ces tortures et les condamnations cessent, car le traumatisme engendre la haine, et ce n\u2019est pas que les d\u00e9tenus qui le subissent, enfin, y a des humains dans ce monde, mais que font-t-ils\u00a0? Pourquoi ils pr\u00e9f\u00e8rent le silence que la v\u00e9rit\u00e9\u00a0? Ils se prot\u00e8gent tous, et c\u2019est l\u00e0 que la confiance r\u00e8gne, et qu\u2019il n\u2019y a qu\u2019un seul contre tous&#8230; Le puissant rabaisse toujours l\u2019impuissant, \u00e0 cause de quelques personnes qui n\u2019ont pas \u00e0 exercer ce m\u00e9tier humain et digne alors qu\u2019ils ne sont pas respectueux d\u2019eux-m\u00eames, et puis le mensonge est leur maladie. Le respect d\u2019autrui ne fait pas partie de leur r\u00e9glementation. Voil\u00e0 la r\u00e9alit\u00e9 et mes mots qui sortent du v\u00e9cu. J\u2019ai toujours assum\u00e9 mes b\u00eatises et mes peines m\u00e9rit\u00e9es et non m\u00e9rit\u00e9es mais me condamner \u00e0 24 mois fermes avec mandat de d\u00e9p\u00f4t \u00e0 la cl\u00e9 pour avoir \u00e9t\u00e9 agress\u00e9 par des tortionnaires. Non ce n\u2019est pas M. Malin Mendy, \u00e7a non. Bon, je pense que ce soir je vais en garde pour la proph\u00a0! Mais je vous rassure, depuis mon \u00e0 arriv\u00e9e \u00e0 Laon, \u00e7a va bien mieux\u00a0! Et comme vous le savez, mon d\u00e9lib\u00e9r\u00e9 est programm\u00e9 au 24\/09\/12, \u00e0 ce jour j\u2019attends la d\u00e9cision.<\/p>\n<p align=\"JUSTIFY\">Je vous quitte en vous faisait part de toute mon amiti\u00e9 et vous remercie infiniment de votre soutien.<\/p>\n<p align=\"JUSTIFY\">Solidairement \u00e0 tous, vous avez mon accord pour tout, je n\u2019ai rien \u00e0 cacher.<\/p>\n<p>&nbsp;<\/p>\n","protected":false},"excerpt":{"rendered":"<p>Tout le soutien que vous ainsi que les organismes pouvez m\u2019apporter me touche profond\u00e9ment. Recevez mes excuses pour ce retard\u00a0! J\u2019ai toujours pas r\u00e9cup\u00e9r\u00e9 depuis cette agression dont je suis l\u2019unique victime&#8230; Ah les m\u00e9fiances\u00a0! Et fid\u00e8le \u00e0 moi-m\u00eame, je &hellip; <a href=\"https:\/\/contrelenfermement.noblogs.org\/?p=604\">Continuer la lecture <span class=\"meta-nav\">&rarr;<\/span><\/a><\/p>\n","protected":false},"author":5244,"featured_media":0,"comment_status":"open","ping_status":"open","sticky":false,"template":"","format":"standard","meta":{"footnotes":""},"categories":[82],"tags":[91,197,46,15,23],"class_list":["post-604","post","type-post","status-publish","format-standard","hentry","category-groupe-enquete-prison","tag-administration-penitentiaire","tag-experience","tag-humiliation","tag-prison","tag-temoignages-2"],"_links":{"self":[{"href":"https:\/\/contrelenfermement.noblogs.org\/index.php?rest_route=\/wp\/v2\/posts\/604","targetHints":{"allow":["GET"]}}],"collection":[{"href":"https:\/\/contrelenfermement.noblogs.org\/index.php?rest_route=\/wp\/v2\/posts"}],"about":[{"href":"https:\/\/contrelenfermement.noblogs.org\/index.php?rest_route=\/wp\/v2\/types\/post"}],"author":[{"embeddable":true,"href":"https:\/\/contrelenfermement.noblogs.org\/index.php?rest_route=\/wp\/v2\/users\/5244"}],"replies":[{"embeddable":true,"href":"https:\/\/contrelenfermement.noblogs.org\/index.php?rest_route=%2Fwp%2Fv2%2Fcomments&post=604"}],"version-history":[{"count":1,"href":"https:\/\/contrelenfermement.noblogs.org\/index.php?rest_route=\/wp\/v2\/posts\/604\/revisions"}],"predecessor-version":[{"id":605,"href":"https:\/\/contrelenfermement.noblogs.org\/index.php?rest_route=\/wp\/v2\/posts\/604\/revisions\/605"}],"wp:attachment":[{"href":"https:\/\/contrelenfermement.noblogs.org\/index.php?rest_route=%2Fwp%2Fv2%2Fmedia&parent=604"}],"wp:term":[{"taxonomy":"category","embeddable":true,"href":"https:\/\/contrelenfermement.noblogs.org\/index.php?rest_route=%2Fwp%2Fv2%2Fcategories&post=604"},{"taxonomy":"post_tag","embeddable":true,"href":"https:\/\/contrelenfermement.noblogs.org\/index.php?rest_route=%2Fwp%2Fv2%2Ftags&post=604"}],"curies":[{"name":"wp","href":"https:\/\/api.w.org\/{rel}","templated":true}]}}