{"id":608,"date":"2012-10-04T12:48:21","date_gmt":"2012-10-04T11:48:21","guid":{"rendered":"http:\/\/contrelenfermement.noblogs.org\/?p=608"},"modified":"2012-10-04T12:48:21","modified_gmt":"2012-10-04T11:48:21","slug":"un-detenu-se-pend-a-vivonne-sa-famille-porte-plainte","status":"publish","type":"post","link":"https:\/\/contrelenfermement.noblogs.org\/?p=608","title":{"rendered":"Un d\u00e9tenu se pend \u00e0 Vivonne : sa famille porte plainte"},"content":{"rendered":"<p id=\"articleChapo\">Vivonne . Un Ch\u00e2telleraudais de 56\u00a0ans, en prison pour des d\u00e9lits routiers, a \u00e9t\u00e9 retrouv\u00e9 mort, pendu, mardi matin. Sa famille porte plainte contre X.<\/p>\n<p>C&rsquo;est le deuxi\u00e8me suicide en deux mois (1). La nouvelle a jet\u00e9 la consternation parmi les personnels du centre p\u00e9nitentiaire de Vivonne, mardi, selon un gardien de prison.<\/p>\n<div id=\"text\">\n<p><em>\u00ab\u00a0On n&rsquo;a rien vu venir. Ce n&rsquo;\u00e9tait pas quelqu&rsquo;un qui avait donn\u00e9 des signes avant-coureurs de difficult\u00e9s\u00a0\u00bb<\/em>, note Bernard Dupuis, secr\u00e9taire local de l&rsquo;UFAP UNSA.<\/p>\n<p><strong>Un agriculteur min\u00e9 par l&rsquo;alcool et d\u00e9j\u00e0 incarc\u00e9r\u00e9<\/strong><\/p>\n<p>La compagne de la victime non plus ne comprend pas, car Christian lui aurait confi\u00e9 son mal-\u00eatre. Elle a d\u00e9cid\u00e9 de porter plainte contre X pour homicide involontaire. Une qualification qui peut para\u00eetre surprenante.<br \/>\nL&rsquo;avocat de la famille, M<sup>e<\/sup> Takhedmit, pr\u00e9cise qu&rsquo;il s&rsquo;agit de v\u00e9rifier si une faute imputable \u00e0 la direction ou aux gardiens peut \u00eatre retenue. <em>\u00ab\u00a0Il a \u00e9chapp\u00e9 \u00e0 leur vigilance. On veut conna\u00eetre les causes et les circonstances de son d\u00e9c\u00e8s.\u00a0\u00bb<\/em><br \/>\nUne enqu\u00eate a \u00e9t\u00e9 ouverte par le parquet de Poitiers et une autopsie est programm\u00e9e.<br \/>\nP\u00e8re de deux enfants, Christian, un habitant du Ch\u00e2telleraudais \u00e2g\u00e9 de 56\u00a0ans, se trouvait \u00e0 la maison d&rsquo;arr\u00eat en ex\u00e9cution de peine depuis mai dernier suite \u00e0 une conduite en \u00e9tat alcoolique. Un probl\u00e8me r\u00e9current chez cet agriculteur, plusieurs fois \u00e9pingl\u00e9 pour sa consommation d&rsquo;alcool et les d\u00e9lits commis dans la foul\u00e9e.<br \/>\nIl ne pouvait plus b\u00e9n\u00e9ficier d&rsquo;un am\u00e9nagement de peine. Il a donc \u00e9t\u00e9 incarc\u00e9r\u00e9 une nouvelle fois.<br \/>\n<em>\u00ab\u00a0Il n&rsquo;avait rien \u00e0 faire en prison. Il devait sortir dans un mois\u00a0\u00bb<\/em>, rel\u00e8ve l&rsquo;avocat de la famille. <em>\u00ab\u00a0Vendredi dernier, il devait passer en justice pour quatre faits, des choses qu&rsquo;il contestait en partie. Finalement, les dossiers ont \u00e9t\u00e9 renvoy\u00e9s \u00e0 une autre date. Il s&rsquo;est dit que c&rsquo;\u00e9tait mauvais signe pour lui. Il angoissait. Et puis, la veille de son d\u00e9c\u00e8s, son cod\u00e9tenu est parti. Il s&rsquo;est retrouv\u00e9 tout seul.\u00a0\u00bb<\/em><\/p>\n<p><strong>Le troisi\u00e8me<\/strong><\/p>\n<p>L&rsquo;Administration p\u00e9nitentiaire, fid\u00e8le \u00e0 sa ligne de conduite, n&rsquo;a pas souhait\u00e9 s&rsquo;exprimer sur le sujet. C&rsquo;est le troisi\u00e8me suicide recens\u00e9 \u00e0 Vivonne depuis son ouverture en octobre\u00a02010.<br \/>\n<em>\u00ab\u00a0Nous sommes r\u00e9guli\u00e8rement form\u00e9s sur la question du suicide, et nous sommes encore plus vigilants quand la famille ou des gardiens nous signalent des probl\u00e8mes. Nous faisons alors des rondes suppl\u00e9mentaires, surtout la nuit\u00a0\u00bb<\/em>, explique le repr\u00e9sentant de l&rsquo;UNSA de Vivonne. <em>\u00ab\u00a0Mais, face \u00e0 quelqu&rsquo;un de d\u00e9cid\u00e9, on ne peut rien.\u00a0\u00bb<\/em><\/p>\n<p><strong>Surpopulation<\/strong><\/p>\n<p>Le syndicaliste rel\u00e8ve aussi que le nombre de gardiens en poste n&rsquo;est pas suffisant au regard du nombre de d\u00e9tenus qui, lui, va croissant. La coordinatrice r\u00e9gionale de l&rsquo;Observatoire international des prisons, Barbara Liaras, annonce une occupation de 115\u2009% dans la partie maison d&rsquo;arr\u00eat, l\u00e0 o\u00f9 les d\u00e9tenus purgent leur peine.<br \/>\n<em>\u00ab\u00a0Le probl\u00e8me du suicide, c&rsquo;est que, normalement, c&rsquo;est une question de sant\u00e9 publique. L\u00e0, en prison, c&rsquo;est l&rsquo;Administration p\u00e9nitentiaire seule qui s&rsquo;en occupe.\u00a0\u00bb<\/em><\/p>\n<address>\u00a0<em>(1) A la mi-ao\u00fbt, un Irakien jug\u00e9 \u00e0 Paris pour le meurtre de sa femme et incarc\u00e9r\u00e9 \u00e0 Vivonne, s&rsquo;\u00e9tait suicid\u00e9.<\/em><\/address>\n<address>\u00a0<\/address>\n<\/div>\n<address>source : http:\/\/www.lanouvellerepublique.fr\/Vienne\/Actualite\/Faits-divers-justice\/n\/Contenus\/Articles\/2012\/10\/04\/Un-detenu-se-pend-a-Vivonne-sa-famille-porte-plainte<\/address>\n","protected":false},"excerpt":{"rendered":"<p>Vivonne . Un Ch\u00e2telleraudais de 56\u00a0ans, en prison pour des d\u00e9lits routiers, a \u00e9t\u00e9 retrouv\u00e9 mort, pendu, mardi matin. Sa famille porte plainte contre X. C&rsquo;est le deuxi\u00e8me suicide en deux mois (1). La nouvelle a jet\u00e9 la consternation parmi &hellip; <a href=\"https:\/\/contrelenfermement.noblogs.org\/?p=608\">Continuer la lecture <span class=\"meta-nav\">&rarr;<\/span><\/a><\/p>\n","protected":false},"author":5244,"featured_media":0,"comment_status":"open","ping_status":"open","sticky":false,"template":"","format":"standard","meta":{"footnotes":""},"categories":[10],"tags":[338,501,417,500,118,502,17,499,418],"class_list":["post-608","post","type-post","status-publish","format-standard","hentry","category-ils-ont-ete-tues","tag-administration","tag-agriculteur","tag-alcool","tag-ap","tag-famille","tag-route","tag-suicide","tag-vivonne","tag-voiture"],"_links":{"self":[{"href":"https:\/\/contrelenfermement.noblogs.org\/index.php?rest_route=\/wp\/v2\/posts\/608","targetHints":{"allow":["GET"]}}],"collection":[{"href":"https:\/\/contrelenfermement.noblogs.org\/index.php?rest_route=\/wp\/v2\/posts"}],"about":[{"href":"https:\/\/contrelenfermement.noblogs.org\/index.php?rest_route=\/wp\/v2\/types\/post"}],"author":[{"embeddable":true,"href":"https:\/\/contrelenfermement.noblogs.org\/index.php?rest_route=\/wp\/v2\/users\/5244"}],"replies":[{"embeddable":true,"href":"https:\/\/contrelenfermement.noblogs.org\/index.php?rest_route=%2Fwp%2Fv2%2Fcomments&post=608"}],"version-history":[{"count":2,"href":"https:\/\/contrelenfermement.noblogs.org\/index.php?rest_route=\/wp\/v2\/posts\/608\/revisions"}],"predecessor-version":[{"id":610,"href":"https:\/\/contrelenfermement.noblogs.org\/index.php?rest_route=\/wp\/v2\/posts\/608\/revisions\/610"}],"wp:attachment":[{"href":"https:\/\/contrelenfermement.noblogs.org\/index.php?rest_route=%2Fwp%2Fv2%2Fmedia&parent=608"}],"wp:term":[{"taxonomy":"category","embeddable":true,"href":"https:\/\/contrelenfermement.noblogs.org\/index.php?rest_route=%2Fwp%2Fv2%2Fcategories&post=608"},{"taxonomy":"post_tag","embeddable":true,"href":"https:\/\/contrelenfermement.noblogs.org\/index.php?rest_route=%2Fwp%2Fv2%2Ftags&post=608"}],"curies":[{"name":"wp","href":"https:\/\/api.w.org\/{rel}","templated":true}]}}