{"id":613,"date":"2012-10-04T12:08:40","date_gmt":"2012-10-04T11:08:40","guid":{"rendered":"http:\/\/contrelenfermement.noblogs.org\/?p=613"},"modified":"2012-10-05T20:55:43","modified_gmt":"2012-10-05T19:55:43","slug":"un-detenu-porte-plainte-contre-la-maison-darret-de-bayonne","status":"publish","type":"post","link":"https:\/\/contrelenfermement.noblogs.org\/?p=613","title":{"rendered":"Un d\u00e9tenu porte plainte contre la Maison d&rsquo;arr\u00eat de Bayonne"},"content":{"rendered":"<p>&nbsp;<\/p>\n<p>Un d\u00e9tenu a port\u00e9 plainte contre la Maison d&rsquo;arr\u00eat de Bayonne, la \u00ab\u00a0Villa Chagrin\u00a0\u00bb. Il d\u00e9nonce des conditions de d\u00e9tention \u00ab\u00a0d\u00e9gradantes et inhumaines\u00a0\u00bb.<\/p>\n<div>\n<div>\n<ul>\n<li><img loading=\"lazy\" decoding=\"async\" src=\"http:\/\/www.eitb.com\/multimedia\/images\/2012\/10\/04\/718488\/718488_99996_maison_arret_original_imagen_foto610x342.jpg\" alt=\"La maison d'arr\u00eat de Bayonne.\" width=\"610\" height=\"342\" \/><\/li>\n<\/ul>\n<\/div>\n<\/div>\n<p>Un d\u00e9tenu a port\u00e9 plainte devant le tribunal de Pau contre la <strong>Maison d&rsquo;arr\u00eat de Bayonne<\/strong>. Il d\u00e9nonce des <strong>conditions de d\u00e9tention \u00ab\u00a0d\u00e9gradantes et inhumaines\u00a0\u00bb<\/strong>.<\/p>\n<p>La maison d&rsquo;arr\u00eat de Bayonne, commun\u00e9ment appel\u00e9e <strong>\u00ab\u00a0Villa Chagrin\u00a0\u00bb<\/strong>, occupe des b\u00e2timents construits \u00e0 l&rsquo;usage d&rsquo;\u00e9tablissement p\u00e9nitentiaire entre 1879 et 1891, \u00e0 l&rsquo;\u00e9poque de Jaur\u00e8s et de Victor Hugo. Depuis de nombreuses ann\u00e9es, la surpopulation y est devenue pr\u00e9occupante.<\/p>\n<p>\u00ab\u00a0Sa capacit\u00e9 th\u00e9orique est de soixante-et-onze places en d\u00e9tention et de quatre en semi-libert\u00e9,\u00a0\u00bb selon un <a href=\"http:\/\/www.cglpl.fr\/wp-content\/uploads\/2011\/10\/MA-Bayonne-64-visite-final.pdf\" target=\"_blank\">rapport de visite du Contr\u00f4leur g\u00e9n\u00e9ral des lieux de privation de libert\u00e9<\/a> (CGLPL). Le jour de l&rsquo;arriv\u00e9e des contr\u00f4leurs en avril 2009, \u00ab\u00a0154 d\u00e9tenus \u00e9taient \u00e9crou\u00e9s, dont 138 en d\u00e9tention, soit un taux d&rsquo;occupation de 194%\u00a0\u00bb. La situation s&rsquo;est l\u00e9g\u00e8rement am\u00e9lior\u00e9e apr\u00e8s, mais m\u00eame en 2011 il y a eu des pics de 135 d\u00e9tenus, selon le Barreau des avocats de Bayonne.<\/p>\n<p>\u00ab\u00a0La surpopulation ne constitue pas, en soi, une atteinte aux droits fondamentaux des personnes d\u00e9tenues, mais ses cons\u00e9quences en constituent une,\u00a0\u00bb a rappel\u00e9 r\u00e9cemment le <a href=\"http:\/\/www.cglpl.fr\/2012\/avis-du-22-mai-2012-relatif-a-la-surpopulation-carcerale\/\" target=\"_blank\">CGLPL<\/a>. <strong>La surpopulation am\u00e8ne, selon les syndicats p\u00e9nitentiaires, une gestion plus difficile de la vie carc\u00e9rale, et notamment un taux de suicide record<\/strong>. En mars 2010, <a href=\"http:\/\/www.eitb.com\/fr\/infos\/societe\/detail\/371280\/un-suicide-prison-bayonne-silence-ses-murs\/\" target=\"_blank\">un d\u00e9tenu s&rsquo;est suicid\u00e9<\/a> dans la Maison d&rsquo;arr\u00eat de Bayonne.<\/p>\n<p>Dans la circulaire d\u00e9finissant la nouvelle politique p\u00e9nale du gouvernement, \u00e0 la mi-septembre, la ministre de la Justice, <a href=\"http:\/\/www.eitb.com\/fr\/infos\/politique\/detail\/955401\/taubira-presente-nouvelle-politique-penale-du-gouvernement\/\" target=\"_blank\">Christiane Taubira<\/a>, a pr\u00f4n\u00e9 notamment <strong>des peines alternatives pour mettre fin au tout-carc\u00e9ral<\/strong>.<\/p>\n<p>\u00ab\u00a0L&rsquo;opinion a \u00e9t\u00e9 intoxiqu\u00e9e par un discours sommaire qui consiste \u00e0 dire que tout d\u00e9linquant est un criminel en puissance qu&rsquo;il faut enfermer\u00a0\u00bb, a-t-elle expliqu\u00e9 dans <em>Le Monde<\/em> dat\u00e9 du 20 septembre. \u00ab\u00a0Nous n&rsquo;allons pas faire croire aux citoyens que nous assurons leur s\u00e9curit\u00e9 en multipliant les peines de prison\u00a0\u00bb, ajoute-telle, soulignant que <strong>50 lois p\u00e9nales en dix ans ont g\u00e9n\u00e9r\u00e9 de plus en plus de peines de prison ferme<\/strong>.<\/p>\n","protected":false},"excerpt":{"rendered":"<p>&nbsp; Un d\u00e9tenu a port\u00e9 plainte contre la Maison d&rsquo;arr\u00eat de Bayonne, la \u00ab\u00a0Villa Chagrin\u00a0\u00bb. Il d\u00e9nonce des conditions de d\u00e9tention \u00ab\u00a0d\u00e9gradantes et inhumaines\u00a0\u00bb. Un d\u00e9tenu a port\u00e9 plainte devant le tribunal de Pau contre la Maison d&rsquo;arr\u00eat de Bayonne. &hellip; <a href=\"https:\/\/contrelenfermement.noblogs.org\/?p=613\">Continuer la lecture <span class=\"meta-nav\">&rarr;<\/span><\/a><\/p>\n","protected":false},"author":5244,"featured_media":0,"comment_status":"open","ping_status":"open","sticky":false,"template":"","format":"standard","meta":{"footnotes":""},"categories":[68,3],"tags":[504,61,179,401,503],"class_list":["post-613","post","type-post","status-publish","format-standard","hentry","category-actualites-informations","category-prisons","tag-bayonne","tag-condition","tag-plainte","tag-taubira","tag-villa-chagrin"],"_links":{"self":[{"href":"https:\/\/contrelenfermement.noblogs.org\/index.php?rest_route=\/wp\/v2\/posts\/613","targetHints":{"allow":["GET"]}}],"collection":[{"href":"https:\/\/contrelenfermement.noblogs.org\/index.php?rest_route=\/wp\/v2\/posts"}],"about":[{"href":"https:\/\/contrelenfermement.noblogs.org\/index.php?rest_route=\/wp\/v2\/types\/post"}],"author":[{"embeddable":true,"href":"https:\/\/contrelenfermement.noblogs.org\/index.php?rest_route=\/wp\/v2\/users\/5244"}],"replies":[{"embeddable":true,"href":"https:\/\/contrelenfermement.noblogs.org\/index.php?rest_route=%2Fwp%2Fv2%2Fcomments&post=613"}],"version-history":[{"count":2,"href":"https:\/\/contrelenfermement.noblogs.org\/index.php?rest_route=\/wp\/v2\/posts\/613\/revisions"}],"predecessor-version":[{"id":615,"href":"https:\/\/contrelenfermement.noblogs.org\/index.php?rest_route=\/wp\/v2\/posts\/613\/revisions\/615"}],"wp:attachment":[{"href":"https:\/\/contrelenfermement.noblogs.org\/index.php?rest_route=%2Fwp%2Fv2%2Fmedia&parent=613"}],"wp:term":[{"taxonomy":"category","embeddable":true,"href":"https:\/\/contrelenfermement.noblogs.org\/index.php?rest_route=%2Fwp%2Fv2%2Fcategories&post=613"},{"taxonomy":"post_tag","embeddable":true,"href":"https:\/\/contrelenfermement.noblogs.org\/index.php?rest_route=%2Fwp%2Fv2%2Ftags&post=613"}],"curies":[{"name":"wp","href":"https:\/\/api.w.org\/{rel}","templated":true}]}}