{"id":617,"date":"2012-10-07T11:12:18","date_gmt":"2012-10-07T10:12:18","guid":{"rendered":"http:\/\/contrelenfermement.noblogs.org\/?p=617"},"modified":"2012-10-07T11:12:18","modified_gmt":"2012-10-07T10:12:18","slug":"suspension-des-fouilles-aux-parloirs-de-la-prison-de-bourg-en-bresse","status":"publish","type":"post","link":"https:\/\/contrelenfermement.noblogs.org\/?p=617","title":{"rendered":"Suspension des fouilles aux parloirs de la prison de Bourg-en-Bresse"},"content":{"rendered":"<p>Le Conseil d&rsquo;Etat a suspendu les mesures de fouilles \u00e0 l&rsquo;issue des parloirs \u00ab\u00a0famille\u00a0\u00bb de la prison de Bourg-en-Bresse, quand bien m\u00eame celles-ci ne sont pas syst\u00e9matiques, estimant que cette pratique ne reposait pas sur des crit\u00e8res de s\u00e9curit\u00e9. Dans une d\u00e9cision du 26 septembre consult\u00e9e par l&rsquo;AFP, la haute juridiction administrative rappelle au centre p\u00e9nitentiaire de l&rsquo;Ain qu&rsquo;aux termes de la loi p\u00e9nitentiaire de 2009, \u00ab\u00a0les fouilles doivent \u00eatre justifi\u00e9es par la pr\u00e9somption d&rsquo;une infraction ou par les risques que le comportement des personnes d\u00e9tenues fait courir \u00e0 la s\u00e9curit\u00e9 des personnes et au maintien du bon ordre dans l&rsquo;\u00e9tablissement\u00a0\u00bb. Or une note de mars 2012 de la direction de la prison institue une fouille par palpation ou une fouille \u00e0 nu d&rsquo;un certain nombre de d\u00e9tenus, choisis par hasard selon une rotation d\u00e9finie, \u00e0 leur sortie des parloirs \u00ab\u00a0famille\u00a0\u00bb. Un tel r\u00e9gime revient \u00e0 \u00ab\u00a0une fouille int\u00e9grale en moyenne une fois sur deux\u00a0\u00bb, \u00e9crivent les juges. Cette pratique avait \u00e9t\u00e9 institu\u00e9e afin de se substituer au r\u00e9gime de fouilles syst\u00e9matiques pr\u00e9c\u00e9demment en vigueur \u00e0 Bourg-en-Bresse et dont l&rsquo;ex\u00e9cution avait \u00e9t\u00e9 suspendue par la justice, a pr\u00e9cis\u00e9 dans un communiqu\u00e9 l&rsquo;Observatoire international des prisons (OIP) Mais le Conseil d&rsquo;Etat consid\u00e8re qu&rsquo;un rythme de fouilles al\u00e9atoire n&rsquo;est pas plus satisfaisant en ce qu&rsquo;il ne pr\u00e9voit pas non plus la possibilit\u00e9 de \u00ab\u00a0moduler l&rsquo;application \u00e0 un d\u00e9tenu du r\u00e9gime de fouilles int\u00e9grales (&#8230;) en tenant compte de sa personnalit\u00e9 et de son comportement en d\u00e9tention, ainsi que de la fr\u00e9quence de sa fr\u00e9quentation des parloirs\u00a0\u00bb, comme le demande la loi p\u00e9nitentiaire. L&rsquo;OIP a d\u00e9plor\u00e9 r\u00e9cemment que la pratique des fouilles \u00e0 nu syst\u00e9matiques perdurait dans certaines prisons en d\u00e9pit de d\u00e9cisions de justice leur ordonnant d&rsquo;y renoncer. \u00ab\u00a0La particularit\u00e9 de Bourg-en-Bresse \u00e9tait d&rsquo;avoir formalis\u00e9 dans une note la nouvelle donne impos\u00e9e par la justice, ce qui nous a permis de dire que la situation n&rsquo;\u00e9tait pas encore satisfaisante, mais souvent, nous avons beaucoup de mal \u00e0 v\u00e9rifier comment les \u00e9tablissements ont modifi\u00e9 leurs pratiques\u00a0\u00bb, a pr\u00e9cis\u00e9 \u00e0 l&rsquo;AFP Nicolas Ferran, responsable juridique de l&rsquo;OIP.<\/p>\n<address>05 oct 2012 (AFP)<\/address>\n","protected":false},"excerpt":{"rendered":"<p>Le Conseil d&rsquo;Etat a suspendu les mesures de fouilles \u00e0 l&rsquo;issue des parloirs \u00ab\u00a0famille\u00a0\u00bb de la prison de Bourg-en-Bresse, quand bien m\u00eame celles-ci ne sont pas syst\u00e9matiques, estimant que cette pratique ne reposait pas sur des crit\u00e8res de s\u00e9curit\u00e9. Dans &hellip; <a href=\"https:\/\/contrelenfermement.noblogs.org\/?p=617\">Continuer la lecture <span class=\"meta-nav\">&rarr;<\/span><\/a><\/p>\n","protected":false},"author":5244,"featured_media":0,"comment_status":"open","ping_status":"open","sticky":false,"template":"","format":"standard","meta":{"footnotes":""},"categories":[68,3],"tags":[113,505,45,46,506,292,507,385],"class_list":["post-617","post","type-post","status-publish","format-standard","hentry","category-actualites-informations","category-prisons","tag-bourg-en-bresse","tag-fouille-systematique","tag-gardiens","tag-humiliation","tag-integrale","tag-juge","tag-nu","tag-oip"],"_links":{"self":[{"href":"https:\/\/contrelenfermement.noblogs.org\/index.php?rest_route=\/wp\/v2\/posts\/617","targetHints":{"allow":["GET"]}}],"collection":[{"href":"https:\/\/contrelenfermement.noblogs.org\/index.php?rest_route=\/wp\/v2\/posts"}],"about":[{"href":"https:\/\/contrelenfermement.noblogs.org\/index.php?rest_route=\/wp\/v2\/types\/post"}],"author":[{"embeddable":true,"href":"https:\/\/contrelenfermement.noblogs.org\/index.php?rest_route=\/wp\/v2\/users\/5244"}],"replies":[{"embeddable":true,"href":"https:\/\/contrelenfermement.noblogs.org\/index.php?rest_route=%2Fwp%2Fv2%2Fcomments&post=617"}],"version-history":[{"count":2,"href":"https:\/\/contrelenfermement.noblogs.org\/index.php?rest_route=\/wp\/v2\/posts\/617\/revisions"}],"predecessor-version":[{"id":619,"href":"https:\/\/contrelenfermement.noblogs.org\/index.php?rest_route=\/wp\/v2\/posts\/617\/revisions\/619"}],"wp:attachment":[{"href":"https:\/\/contrelenfermement.noblogs.org\/index.php?rest_route=%2Fwp%2Fv2%2Fmedia&parent=617"}],"wp:term":[{"taxonomy":"category","embeddable":true,"href":"https:\/\/contrelenfermement.noblogs.org\/index.php?rest_route=%2Fwp%2Fv2%2Fcategories&post=617"},{"taxonomy":"post_tag","embeddable":true,"href":"https:\/\/contrelenfermement.noblogs.org\/index.php?rest_route=%2Fwp%2Fv2%2Ftags&post=617"}],"curies":[{"name":"wp","href":"https:\/\/api.w.org\/{rel}","templated":true}]}}