{"id":624,"date":"2012-10-12T16:47:31","date_gmt":"2012-10-12T15:47:31","guid":{"rendered":"http:\/\/contrelenfermement.noblogs.org\/?p=624"},"modified":"2012-10-19T16:55:05","modified_gmt":"2012-10-19T15:55:05","slug":"le-detenu-disparait-avant-le-tournoi-dechecs","status":"publish","type":"post","link":"https:\/\/contrelenfermement.noblogs.org\/?p=624","title":{"rendered":"Le d\u00e9tenu dispara\u00eet avant le tournoi d&rsquo;\u00e9checs"},"content":{"rendered":"<p>C&rsquo;est un joli \u00ab\u00a0coup\u00a0\u00bb. Un d\u00e9tenu du centre p\u00e9nitentiaire du Pontet, \u00e0 Avignon dans le Vaucluse, s&rsquo;est fait \u00ab\u00a0la belle\u00a0\u00bb mardi lors d&rsquo;une permission. Aux c\u00f4t\u00e9s d&rsquo;un autre d\u00e9tenu, l&rsquo;homme d\u00e9jeunait avec un psychologue, un \u00e9ducateur de l&rsquo;administration p\u00e9nitentiaire et un professeur d&rsquo;\u00e9checs. En effet, l&rsquo;\u00e9quipe faisait alors une pause avant de se rendre \u00e0 un tournoi d&rsquo;\u00e9checs organis\u00e9 sp\u00e9cialement pour les prisonniers par un club local. A la fin de ce d\u00e9jeuner, l&rsquo;homme s&rsquo;\u00e9tait \u00e9vapor\u00e9.<\/p>\n<p>Le d\u00e9tenu n&rsquo;est alors cependant pas consid\u00e9r\u00e9 comme \u00e9vad\u00e9, souligne le journal <a href=\"http:\/\/www.europe1.fr\/www.laprovence.com\/article\/actualites\/le-detenu-se-fait-la-belle-en-allant-a-un-tournoi-dechecs\" target=\"_self\"><em>La Provence<\/em><\/a>, qui rapporte l\u2019histoire. En effet, celui-ci \u00ab\u00a0avait b\u00e9n\u00e9fici\u00e9 d&rsquo;une permission accord\u00e9e par le juge d&rsquo;application des peines pour participer \u00e0 cette activit\u00e9 ext\u00e9rieure et devait donc r\u00e9int\u00e9grer la prison \u00e0 19h\u00a0\u00bb, selon Pierre Raffin, le directeur interr\u00e9gionale de l&rsquo;administration p\u00e9nitentiaire \u00e0 Marseille. Ainsi l&rsquo;\u00e9vasion n&rsquo;\u00e9tait effective qu&rsquo;\u00e0 partir de 19 heures et la responsabilit\u00e9 du personnel p\u00e9nitentiaire n&rsquo;\u00e9tait pas engag\u00e9e. \u00ab\u00a0Il ne s&rsquo;agissait pas d&rsquo;une permission sous escorte qui, elle, oblige les personnels \u00e0 rester en permanence avec le d\u00e9tenu, note Pierre Raffin. Si du personnel se trouvait avec lui c&rsquo;est que tous avaient d\u00e9cid\u00e9 de d\u00e9jeuner ensemble avant de se rendre au tournoi\u00a0\u00bb. De plus, les gardiens \u00ab\u00a0n&rsquo;avaient aucun pouvoir pour l&rsquo;appr\u00e9hender car il n&rsquo;\u00e9tait pas juridiquement sous leur responsabilit\u00e9\u00a0\u00bb. Absurdit\u00e9 juridique ? \u00c9chec et mat pour le d\u00e9tenu.<\/p>\n<address>\u00a0<\/address>\n<address>Par <strong>Europe1.fr<\/strong> le 11 octobre 2012 <\/address>\n","protected":false},"excerpt":{"rendered":"<p>C&rsquo;est un joli \u00ab\u00a0coup\u00a0\u00bb. Un d\u00e9tenu du centre p\u00e9nitentiaire du Pontet, \u00e0 Avignon dans le Vaucluse, s&rsquo;est fait \u00ab\u00a0la belle\u00a0\u00bb mardi lors d&rsquo;une permission. Aux c\u00f4t\u00e9s d&rsquo;un autre d\u00e9tenu, l&rsquo;homme d\u00e9jeunait avec un psychologue, un \u00e9ducateur de l&rsquo;administration p\u00e9nitentiaire et &hellip; <a href=\"https:\/\/contrelenfermement.noblogs.org\/?p=624\">Continuer la lecture <span class=\"meta-nav\">&rarr;<\/span><\/a><\/p>\n","protected":false},"author":5244,"featured_media":0,"comment_status":"open","ping_status":"open","sticky":false,"template":"","format":"standard","meta":{"footnotes":""},"categories":[1],"tags":[],"class_list":["post-624","post","type-post","status-publish","format-standard","hentry","category-general"],"_links":{"self":[{"href":"https:\/\/contrelenfermement.noblogs.org\/index.php?rest_route=\/wp\/v2\/posts\/624","targetHints":{"allow":["GET"]}}],"collection":[{"href":"https:\/\/contrelenfermement.noblogs.org\/index.php?rest_route=\/wp\/v2\/posts"}],"about":[{"href":"https:\/\/contrelenfermement.noblogs.org\/index.php?rest_route=\/wp\/v2\/types\/post"}],"author":[{"embeddable":true,"href":"https:\/\/contrelenfermement.noblogs.org\/index.php?rest_route=\/wp\/v2\/users\/5244"}],"replies":[{"embeddable":true,"href":"https:\/\/contrelenfermement.noblogs.org\/index.php?rest_route=%2Fwp%2Fv2%2Fcomments&post=624"}],"version-history":[{"count":2,"href":"https:\/\/contrelenfermement.noblogs.org\/index.php?rest_route=\/wp\/v2\/posts\/624\/revisions"}],"predecessor-version":[{"id":626,"href":"https:\/\/contrelenfermement.noblogs.org\/index.php?rest_route=\/wp\/v2\/posts\/624\/revisions\/626"}],"wp:attachment":[{"href":"https:\/\/contrelenfermement.noblogs.org\/index.php?rest_route=%2Fwp%2Fv2%2Fmedia&parent=624"}],"wp:term":[{"taxonomy":"category","embeddable":true,"href":"https:\/\/contrelenfermement.noblogs.org\/index.php?rest_route=%2Fwp%2Fv2%2Fcategories&post=624"},{"taxonomy":"post_tag","embeddable":true,"href":"https:\/\/contrelenfermement.noblogs.org\/index.php?rest_route=%2Fwp%2Fv2%2Ftags&post=624"}],"curies":[{"name":"wp","href":"https:\/\/api.w.org\/{rel}","templated":true}]}}