{"id":654,"date":"2012-11-12T19:02:54","date_gmt":"2012-11-12T18:02:54","guid":{"rendered":"http:\/\/contrelenfermement.noblogs.org\/?p=654"},"modified":"2012-11-12T19:02:54","modified_gmt":"2012-11-12T18:02:54","slug":"lettre-dune-personne-detenue-a-la-prison-dannoeullin-envoyee-a-lenvolee-g-e-p-2-10-12","status":"publish","type":"post","link":"https:\/\/contrelenfermement.noblogs.org\/?p=654","title":{"rendered":"Lettre d&rsquo;une personne d\u00e9tenue \u00e0 la prison d&rsquo;Annoeullin, envoy\u00e9e \u00e0 L&rsquo;Envol\u00e9e (G.E.P), 2.10.12"},"content":{"rendered":"<p align=\"JUSTIFY\"><span style=\"color: #00000a\"><span style=\"font-family: Times New Roman,serif\"><span style=\"font-size: medium\">Tout<\/span><\/span><\/span><span style=\"color: #00000a\"><span style=\"font-family: Times New Roman,serif\"><span style=\"font-size: medium\"> d&rsquo;abord je vous remercie pour le soutien que vous apportez pour les personnes comme moi \u00e9tant d\u00e9tenues, \u00e0 votre \u00e9mission de radio.<\/span><\/span><\/span><\/p>\n<p align=\"JUSTIFY\"><span style=\"color: #00000a\"><span style=\"font-family: Times New Roman,serif\"><span style=\"font-size: medium\">Le centre de d\u00e9tention d&rsquo;<\/span><\/span><\/span><span style=\"color: #00000a\"><span style=\"font-family: Times New Roman,serif\"><span style=\"font-size: medium\">Ann\u0153ullin est sous le r\u00e9gime de r\u00e9pression abusive, certains surveillants nous consid\u00e8rent entre guillemets comme des b\u00eates, leur attitude est d\u00e9sagr\u00e9able voire <\/span><\/span><\/span><span style=\"color: #00000a\"><span style=\"font-family: Times New Roman,serif\"><span style=\"font-size: medium\">provocante<\/span><\/span><\/span><span style=\"color: #00000a\"><span style=\"font-family: Times New Roman,serif\"><span style=\"font-size: medium\">.<\/span><\/span><\/span><\/p>\n<p align=\"JUSTIFY\"><span style=\"color: #00000a\"><span style=\"font-family: Times New Roman,serif\"><span style=\"font-size: medium\">Il y a des cod<\/span><\/span><\/span><span style=\"color: #00000a\"><span style=\"font-family: Times New Roman,serif\"><span style=\"font-size: medium\">\u00e9tenus qui ont d\u00e9j\u00e0 \u00e9t\u00e9<\/span><\/span><\/span><span style=\"color: #00000a\"><span style=\"font-family: Times New Roman,serif\"><span style=\"font-size: medium\"> victimes de lynchage par les surveillants pour des motifs futiles. De plus je ressens qu&rsquo;il y a une discrimination ethnique dans cet \u00e9tablissement, au parloir lors des fouilles ils nous font abaisser le cale\u00e7on parfois on doit le donner en main propre au surveillant, cela est humiliant. Les personnes voulant se r\u00e9ins\u00e9rer n&rsquo;ont pas un v\u00e9ritable suivi et la JAP laisse sortir difficilement les personnes ayant un dossier solide.<\/span><\/span><\/span><\/p>\n<p align=\"JUSTIFY\"><span style=\"color: #00000a\"><span style=\"font-family: Times New Roman,serif\"><span style=\"font-size: medium\">Pour un centre de r\u00e9tention les acc\u00e8s sont bloqu\u00e9s par exemple si je me balade au 2\u00e8me \u00e9tage je risquerais de me prendre un r<\/span><\/span><\/span><span style=\"color: #00000a\"><span style=\"font-family: Times New Roman,serif\"><span style=\"font-size: medium\">apport.<\/span><\/span><\/span><\/p>\n<p align=\"JUSTIFY\"><span style=\"color: #00000a\"><span style=\"font-family: Times New Roman,serif\"><span style=\"font-size: medium\">Il y a un manque de communication et de compr\u00e9hension de leur part envers les d\u00e9tenus, cela n&rsquo;est pas un endroit pour les personnes \u00e0 qui il reste encore un bon bout de chemin. Merci pour votre compr\u00e9hension.<\/span><\/span><\/span><\/p>\n","protected":false},"excerpt":{"rendered":"<p>Tout d&rsquo;abord je vous remercie pour le soutien que vous apportez pour les personnes comme moi \u00e9tant d\u00e9tenues, \u00e0 votre \u00e9mission de radio. Le centre de d\u00e9tention d&rsquo;Ann\u0153ullin est sous le r\u00e9gime de r\u00e9pression abusive, certains surveillants nous consid\u00e8rent entre &hellip; <a href=\"https:\/\/contrelenfermement.noblogs.org\/?p=654\">Continuer la lecture <span class=\"meta-nav\">&rarr;<\/span><\/a><\/p>\n","protected":false},"author":5244,"featured_media":0,"comment_status":"open","ping_status":"open","sticky":false,"template":"","format":"standard","meta":{"footnotes":""},"categories":[82],"tags":[508,1630,15],"class_list":["post-654","post","type-post","status-publish","format-standard","hentry","category-groupe-enquete-prison","tag-annoeullin","tag-groupe-enquete-prison","tag-prison"],"_links":{"self":[{"href":"https:\/\/contrelenfermement.noblogs.org\/index.php?rest_route=\/wp\/v2\/posts\/654","targetHints":{"allow":["GET"]}}],"collection":[{"href":"https:\/\/contrelenfermement.noblogs.org\/index.php?rest_route=\/wp\/v2\/posts"}],"about":[{"href":"https:\/\/contrelenfermement.noblogs.org\/index.php?rest_route=\/wp\/v2\/types\/post"}],"author":[{"embeddable":true,"href":"https:\/\/contrelenfermement.noblogs.org\/index.php?rest_route=\/wp\/v2\/users\/5244"}],"replies":[{"embeddable":true,"href":"https:\/\/contrelenfermement.noblogs.org\/index.php?rest_route=%2Fwp%2Fv2%2Fcomments&post=654"}],"version-history":[{"count":1,"href":"https:\/\/contrelenfermement.noblogs.org\/index.php?rest_route=\/wp\/v2\/posts\/654\/revisions"}],"predecessor-version":[{"id":655,"href":"https:\/\/contrelenfermement.noblogs.org\/index.php?rest_route=\/wp\/v2\/posts\/654\/revisions\/655"}],"wp:attachment":[{"href":"https:\/\/contrelenfermement.noblogs.org\/index.php?rest_route=%2Fwp%2Fv2%2Fmedia&parent=654"}],"wp:term":[{"taxonomy":"category","embeddable":true,"href":"https:\/\/contrelenfermement.noblogs.org\/index.php?rest_route=%2Fwp%2Fv2%2Fcategories&post=654"},{"taxonomy":"post_tag","embeddable":true,"href":"https:\/\/contrelenfermement.noblogs.org\/index.php?rest_route=%2Fwp%2Fv2%2Ftags&post=654"}],"curies":[{"name":"wp","href":"https:\/\/api.w.org\/{rel}","templated":true}]}}