{"id":660,"date":"2012-11-12T20:41:34","date_gmt":"2012-11-12T19:41:34","guid":{"rendered":"http:\/\/contrelenfermement.noblogs.org\/?p=660"},"modified":"2012-11-12T20:41:34","modified_gmt":"2012-11-12T19:41:34","slug":"lettre-de-joseph-wetter-detenu-a-la-prison-de-corbas-01-08-12-g-e-p","status":"publish","type":"post","link":"https:\/\/contrelenfermement.noblogs.org\/?p=660","title":{"rendered":"Lettre de Joseph Wetter, d\u00e9tenu \u00e0 la prison de Corbas, 01.08.12 (G.E.P.)"},"content":{"rendered":"<p align=\"JUSTIFY\"><span style=\"font-family: Bookman Old Style,serif\">D\u00e9tenu depuis le 29.05.2009 dans 2 \u00e9tablissements et les 18 morts dont 16 \u00e0 CORBAS 69962\u00a0!<\/span><\/p>\n<p align=\"JUSTIFY\"><span style=\"font-family: Bookman Old Style,serif\">Les prisons fran\u00e7aises sont le reflet de votre soci\u00e9t\u00e9 67.373 d\u00e9tenus pour 57 00 places et la vision de demain est d\u00e9gradation in\u00e9luctable le plafond sera de 80\u00a0000 d\u00e9tenus dans la fin de d\u00e9cennie, les peines ayant \u00e9t\u00e9 multipli\u00e9 par quatre et le rhyme soutenu des incarc\u00e9ration et le parc meuble qui ne cesse de croitre les usuriers qui ne sont pas pr\u00eat \u00e0 investir dans des \u00e9coles et pour cause les desseins mercantilles inavouables aux d\u00e9triments du contribuable que vous \u00eates\u00a0!<\/span><\/p>\n<p align=\"JUSTIFY\"><span style=\"font-family: Bookman Old Style,serif\">Les RP et RPS r\u00e9duits \u00e0 leurs plus simples expressions dut au bon plaisir d\u2019un ex-pr\u00e9sident plus connus par ces appointages sup\u00e9rieurs de ce monde et les frasques napol\u00e9onien en talonnette pour des castes privili\u00e9gi\u00e9es, la France attend autre chose que des lots \u00e0 la hussarde et contre productive les faits sont l\u00e0 et t\u00eatus 67\u00a0373 d\u00e9tenus. <\/span><\/p>\n<p align=\"JUSTIFY\"><span style=\"font-family: Bookman Old Style,serif\">Rappel aux surveillant de l\u2019art 129 \u2018les personnels doivent se conduire\u2026 blabla\u2026 et suscite leur RESPECTS et le bon ordre des \u00e9tablissements\u00a0\u00bb. <\/span><\/p>\n<p align=\"JUSTIFY\"><span style=\"font-family: Bookman Old Style,serif\">It\u00e9l\u00e9 29.06.2012, 05 heures information en continue scoop d\u2019une importance d\u2019\u00e9tat\u00a0? \u2026 un d\u00e9tenu a offert des paquets de p\u00e2tes pour nourrir ces enfants\u00a0; les aliments ont \u00e9t\u00e9 remis \u00e0 la m\u00e8re lors d\u2019un parloir\u00a0!!<\/span><\/p>\n<p align=\"JUSTIFY\"><span style=\"font-family: Bookman Old Style,serif\">Je ne sais qui tu es mais je te salue bien bas mon gars et ton geste te grandit. <\/span><\/p>\n<p align=\"JUSTIFY\"><span style=\"font-family: Bookman Old Style,serif\">Par contre je n\u2019ai pas de mot pour cet ectoplasme qui a prof\u00e9r\u00e9 cette insanit\u00e9 esp\u00e9rons que ce n\u2019est pas cong\u00e9nital. <\/span><\/p>\n<p align=\"JUSTIFY\"><span style=\"font-family: Bookman Old Style,serif\">27.04.2012 le progr\u00e8s p.12 fin de texte certain ferait bien de mesurer leur propos ils se grandiraient.<\/span><\/p>\n<p align=\"JUSTIFY\"><span style=\"font-family: Bookman Old Style,serif\">Le syndicalisme est une notion trop noble, trop charg\u00e9e historiquement et d\u2019une dignit\u00e9 pour qu\u2019elle soit utilis\u00e9e par le personnel p\u00e9nitentiaire parlons plut\u00f4t de corporatisme p\u00e9nitentiaire. <\/span><\/p>\n<p align=\"JUSTIFY\"><span style=\"font-family: Bookman Old Style,serif\">Nos politiques de tout bord ces nantis d\u2019un monde servile \u00e0 souhait et cette \u00e9lite qui construit chaque jour sa jouissance pr\u00e9rogative sur cette masse inerte, d\u2019ailleurs se laissent elles pas convaincre non par les faits, m\u00eame invent\u00e9s mais par la coh\u00e9rence du syst\u00e8me. <\/span><\/p>\n<p align=\"JUSTIFY\"><span style=\"font-family: Bookman Old Style,serif\">Vos regrets sont mes d\u00e9go\u00fbts et les explications alambiqu\u00e9s mes victoires de vos uchronies\u00a0!<\/span><\/p>\n<p align=\"JUSTIFY\"><span style=\"font-family: Bookman Old Style,serif\">Un tzigane fran\u00e7ais<\/span><\/p>\n","protected":false},"excerpt":{"rendered":"<p>D\u00e9tenu depuis le 29.05.2009 dans 2 \u00e9tablissements et les 18 morts dont 16 \u00e0 CORBAS 69962\u00a0! Les prisons fran\u00e7aises sont le reflet de votre soci\u00e9t\u00e9 67.373 d\u00e9tenus pour 57 00 places et la vision de demain est d\u00e9gradation in\u00e9luctable le &hellip; <a href=\"https:\/\/contrelenfermement.noblogs.org\/?p=660\">Continuer la lecture <span class=\"meta-nav\">&rarr;<\/span><\/a><\/p>\n","protected":false},"author":5244,"featured_media":0,"comment_status":"open","ping_status":"open","sticky":false,"template":"","format":"standard","meta":{"footnotes":""},"categories":[82],"tags":[1630,15,23],"class_list":["post-660","post","type-post","status-publish","format-standard","hentry","category-groupe-enquete-prison","tag-groupe-enquete-prison","tag-prison","tag-temoignages-2"],"_links":{"self":[{"href":"https:\/\/contrelenfermement.noblogs.org\/index.php?rest_route=\/wp\/v2\/posts\/660","targetHints":{"allow":["GET"]}}],"collection":[{"href":"https:\/\/contrelenfermement.noblogs.org\/index.php?rest_route=\/wp\/v2\/posts"}],"about":[{"href":"https:\/\/contrelenfermement.noblogs.org\/index.php?rest_route=\/wp\/v2\/types\/post"}],"author":[{"embeddable":true,"href":"https:\/\/contrelenfermement.noblogs.org\/index.php?rest_route=\/wp\/v2\/users\/5244"}],"replies":[{"embeddable":true,"href":"https:\/\/contrelenfermement.noblogs.org\/index.php?rest_route=%2Fwp%2Fv2%2Fcomments&post=660"}],"version-history":[{"count":2,"href":"https:\/\/contrelenfermement.noblogs.org\/index.php?rest_route=\/wp\/v2\/posts\/660\/revisions"}],"predecessor-version":[{"id":662,"href":"https:\/\/contrelenfermement.noblogs.org\/index.php?rest_route=\/wp\/v2\/posts\/660\/revisions\/662"}],"wp:attachment":[{"href":"https:\/\/contrelenfermement.noblogs.org\/index.php?rest_route=%2Fwp%2Fv2%2Fmedia&parent=660"}],"wp:term":[{"taxonomy":"category","embeddable":true,"href":"https:\/\/contrelenfermement.noblogs.org\/index.php?rest_route=%2Fwp%2Fv2%2Fcategories&post=660"},{"taxonomy":"post_tag","embeddable":true,"href":"https:\/\/contrelenfermement.noblogs.org\/index.php?rest_route=%2Fwp%2Fv2%2Ftags&post=660"}],"curies":[{"name":"wp","href":"https:\/\/api.w.org\/{rel}","templated":true}]}}