{"id":676,"date":"2012-11-25T17:58:35","date_gmt":"2012-11-25T16:58:35","guid":{"rendered":"http:\/\/contrelenfermement.noblogs.org\/?p=676"},"modified":"2012-11-25T17:58:35","modified_gmt":"2012-11-25T16:58:35","slug":"depeches-suicide-dun-detenu-au-centre-de-detention-de-toul","status":"publish","type":"post","link":"https:\/\/contrelenfermement.noblogs.org\/?p=676","title":{"rendered":"D\u00e9p\u00eaches Suicide d&rsquo;un d\u00e9tenu au centre de d\u00e9tention de Toul"},"content":{"rendered":"<p>D\u00e9p\u00eaches<br \/>\nSuicide d&rsquo;un d\u00e9tenu au centre de d\u00e9tention de Toul<br \/>\n21 novembre 2012 \u00e0 16:08<br \/>\nLes barreaux d&rsquo;une prison<\/p>\n<p>Un d\u00e9tenu de 34 ans a \u00e9t\u00e9 retrouv\u00e9 pendu mardi dans sa cellule du centre de d\u00e9tention de Toul (Meurthe-et-Moselle), o\u00f9 il purgeait une peine pour trafic de stup\u00e9fiants, a-t-on appris mercredi de sources concordantes.<\/p>\n<p>\u00ab\u00a0Le d\u00e9tenu a \u00e9t\u00e9 retrouv\u00e9 pendu avec un c\u00e2ble \u00e9lectrique, mardi vers 19H00\u00a0\u00bb, a indiqu\u00e9 \u00e0 l&rsquo;AFP une responsable syndicale p\u00e9nitentiaire FO, Fadila Doukhi.<\/p>\n<p>\u00ab\u00a0Il s&rsquo;\u00e9tait enferm\u00e9 dans sa cellule, le porte a d\u00fb \u00eatre ouverte \u00e0 l&rsquo;aide d&rsquo;une disqueuse \u00e9lectrique\u00a0\u00bb, a-t-elle pr\u00e9cis\u00e9.<\/p>\n<p>Le d\u00e9tenu \u00e9tait incarc\u00e9r\u00e9 depuis 2008 et avait \u00e9t\u00e9 transf\u00e9r\u00e9 \u00e0 Toul en 2010.<\/p>\n<p>\u00ab\u00a0Il \u00e9tait lib\u00e9rable d\u00e8s mars 2014, mais il ne parvenait pas \u00e0 faire renouveler son titre de s\u00e9jour: il ne pouvait donc pas pr\u00e9parer sa sortie, cette attente a \u00e9t\u00e9 trop difficile\u00a0\u00bb, a estim\u00e9 aupr\u00e8s de l&rsquo;AFP son avocate, Me Karine Lapr\u00e9votte, qui s&rsquo;est par ailleurs interrog\u00e9e sur \u00ab\u00a0les conditions de d\u00e9tention\u00a0\u00bb.<\/p>\n<p>Selon la responsable FO, \u00ab\u00a0aucun courrier n&rsquo;a \u00e9t\u00e9 laiss\u00e9, et aucun risque suicidaire n&rsquo;avait jusqu&rsquo;alors \u00e9t\u00e9 mis en \u00e9vidence\u00a0\u00bb.<\/p>\n<p>http:\/\/www.liberation.fr\/depeches\/2012\/11\/21\/suicide-d-un-detenu-au-centre-de-detention-de-toul_862064<\/p>\n","protected":false},"excerpt":{"rendered":"<p>D\u00e9p\u00eaches Suicide d&rsquo;un d\u00e9tenu au centre de d\u00e9tention de Toul 21 novembre 2012 \u00e0 16:08 Les barreaux d&rsquo;une prison Un d\u00e9tenu de 34 ans a \u00e9t\u00e9 retrouv\u00e9 pendu mardi dans sa cellule du centre de d\u00e9tention de Toul (Meurthe-et-Moselle), o\u00f9 &hellip; <a href=\"https:\/\/contrelenfermement.noblogs.org\/?p=676\">Continuer la lecture <span class=\"meta-nav\">&rarr;<\/span><\/a><\/p>\n","protected":false},"author":5244,"featured_media":0,"comment_status":"open","ping_status":"open","sticky":false,"template":"","format":"standard","meta":{"footnotes":""},"categories":[10],"tags":[15,17,16],"class_list":["post-676","post","type-post","status-publish","format-standard","hentry","category-ils-ont-ete-tues","tag-prison","tag-suicide","tag-violence"],"_links":{"self":[{"href":"https:\/\/contrelenfermement.noblogs.org\/index.php?rest_route=\/wp\/v2\/posts\/676","targetHints":{"allow":["GET"]}}],"collection":[{"href":"https:\/\/contrelenfermement.noblogs.org\/index.php?rest_route=\/wp\/v2\/posts"}],"about":[{"href":"https:\/\/contrelenfermement.noblogs.org\/index.php?rest_route=\/wp\/v2\/types\/post"}],"author":[{"embeddable":true,"href":"https:\/\/contrelenfermement.noblogs.org\/index.php?rest_route=\/wp\/v2\/users\/5244"}],"replies":[{"embeddable":true,"href":"https:\/\/contrelenfermement.noblogs.org\/index.php?rest_route=%2Fwp%2Fv2%2Fcomments&post=676"}],"version-history":[{"count":1,"href":"https:\/\/contrelenfermement.noblogs.org\/index.php?rest_route=\/wp\/v2\/posts\/676\/revisions"}],"predecessor-version":[{"id":677,"href":"https:\/\/contrelenfermement.noblogs.org\/index.php?rest_route=\/wp\/v2\/posts\/676\/revisions\/677"}],"wp:attachment":[{"href":"https:\/\/contrelenfermement.noblogs.org\/index.php?rest_route=%2Fwp%2Fv2%2Fmedia&parent=676"}],"wp:term":[{"taxonomy":"category","embeddable":true,"href":"https:\/\/contrelenfermement.noblogs.org\/index.php?rest_route=%2Fwp%2Fv2%2Fcategories&post=676"},{"taxonomy":"post_tag","embeddable":true,"href":"https:\/\/contrelenfermement.noblogs.org\/index.php?rest_route=%2Fwp%2Fv2%2Ftags&post=676"}],"curies":[{"name":"wp","href":"https:\/\/api.w.org\/{rel}","templated":true}]}}