{"id":678,"date":"2012-11-25T18:00:23","date_gmt":"2012-11-25T17:00:23","guid":{"rendered":"http:\/\/contrelenfermement.noblogs.org\/?p=678"},"modified":"2012-11-25T18:00:23","modified_gmt":"2012-11-25T17:00:23","slug":"suicide-dun-detenu-a-mobilite-reduite-au-centre-de-detention-de-roanne","status":"publish","type":"post","link":"https:\/\/contrelenfermement.noblogs.org\/?p=678","title":{"rendered":"Suicide d&rsquo;un d\u00e9tenu \u00e0 mobilit\u00e9 r\u00e9duite au centre de d\u00e9tention de Roanne"},"content":{"rendered":"<p>Un homme \u00e0 mobilit\u00e9 r\u00e9duite, \u00e2g\u00e9 d&rsquo;une quarantaine d&rsquo;ann\u00e9es, s&rsquo;est suicid\u00e9 dans la nuit de vendredi \u00e0 samedi dans sa cellule au centre de d\u00e9tention de Roanne (Loire), a-t-on appris samedi de source syndicale.<br \/>\nIl n&rsquo;\u00e9tait pas connu comme \u00e9tant suicidaire mais se plaignait d&rsquo;\u00eatre r\u00e9duit \u00e0 l&rsquo;\u00e9tat de \u00ab\u00a0l\u00e9gume\u00a0\u00bb, selon la CGT.<br \/>\nCe d\u00e9tenu qui ne posait pas de probl\u00e8me s&rsquo;est pendu et son corps inanim\u00e9 a \u00e9t\u00e9 d\u00e9couvert lors d&rsquo;une ronde matinale.<\/p>\n<p>L&rsquo;administration p\u00e9nitentiaire n&rsquo;\u00e9tait pas joignable samedi en milieu de journ\u00e9e pour confirmer cette information.<\/p>\n<p>http:\/\/www.leparisien.fr\/lyon-69000\/suicide-d-un-detenu-a-mobilite-reduite-au-centre-de-detention-de-roanne-24-11-2012-2351903.php<\/p>\n","protected":false},"excerpt":{"rendered":"<p>Un homme \u00e0 mobilit\u00e9 r\u00e9duite, \u00e2g\u00e9 d&rsquo;une quarantaine d&rsquo;ann\u00e9es, s&rsquo;est suicid\u00e9 dans la nuit de vendredi \u00e0 samedi dans sa cellule au centre de d\u00e9tention de Roanne (Loire), a-t-on appris samedi de source syndicale. Il n&rsquo;\u00e9tait pas connu comme \u00e9tant &hellip; <a href=\"https:\/\/contrelenfermement.noblogs.org\/?p=678\">Continuer la lecture <span class=\"meta-nav\">&rarr;<\/span><\/a><\/p>\n","protected":false},"author":5244,"featured_media":0,"comment_status":"open","ping_status":"open","sticky":false,"template":"","format":"standard","meta":{"footnotes":""},"categories":[10],"tags":[15,17,16],"class_list":["post-678","post","type-post","status-publish","format-standard","hentry","category-ils-ont-ete-tues","tag-prison","tag-suicide","tag-violence"],"_links":{"self":[{"href":"https:\/\/contrelenfermement.noblogs.org\/index.php?rest_route=\/wp\/v2\/posts\/678","targetHints":{"allow":["GET"]}}],"collection":[{"href":"https:\/\/contrelenfermement.noblogs.org\/index.php?rest_route=\/wp\/v2\/posts"}],"about":[{"href":"https:\/\/contrelenfermement.noblogs.org\/index.php?rest_route=\/wp\/v2\/types\/post"}],"author":[{"embeddable":true,"href":"https:\/\/contrelenfermement.noblogs.org\/index.php?rest_route=\/wp\/v2\/users\/5244"}],"replies":[{"embeddable":true,"href":"https:\/\/contrelenfermement.noblogs.org\/index.php?rest_route=%2Fwp%2Fv2%2Fcomments&post=678"}],"version-history":[{"count":1,"href":"https:\/\/contrelenfermement.noblogs.org\/index.php?rest_route=\/wp\/v2\/posts\/678\/revisions"}],"predecessor-version":[{"id":679,"href":"https:\/\/contrelenfermement.noblogs.org\/index.php?rest_route=\/wp\/v2\/posts\/678\/revisions\/679"}],"wp:attachment":[{"href":"https:\/\/contrelenfermement.noblogs.org\/index.php?rest_route=%2Fwp%2Fv2%2Fmedia&parent=678"}],"wp:term":[{"taxonomy":"category","embeddable":true,"href":"https:\/\/contrelenfermement.noblogs.org\/index.php?rest_route=%2Fwp%2Fv2%2Fcategories&post=678"},{"taxonomy":"post_tag","embeddable":true,"href":"https:\/\/contrelenfermement.noblogs.org\/index.php?rest_route=%2Fwp%2Fv2%2Ftags&post=678"}],"curies":[{"name":"wp","href":"https:\/\/api.w.org\/{rel}","templated":true}]}}