{"id":683,"date":"2012-11-25T18:12:03","date_gmt":"2012-11-25T17:12:03","guid":{"rendered":"http:\/\/contrelenfermement.noblogs.org\/?p=683"},"modified":"2012-11-25T18:12:03","modified_gmt":"2012-11-25T17:12:03","slug":"temoignages-de-xavier-valancker-sur-la-prison-dannoeullin-ete-2012-g-e-p-partie-2","status":"publish","type":"post","link":"https:\/\/contrelenfermement.noblogs.org\/?p=683","title":{"rendered":"T\u00e9moignages de Xavier Valancker sur la prison d&rsquo;Annoeullin, \u00e9t\u00e9 2012 (G.E.P.) Partie 2"},"content":{"rendered":"<p align=\"JUSTIFY\">Y avait-il n\u00e9cessit\u00e9 de le placer en pr\u00e9vention au quartier disciplinaire ? C\u2019est bien entendu l\u2019arbitraire qui motive une nouvelle fois une telle d\u00e9cision. Comparaissant d\u00e8s le lendemain au pr\u00e9toire, il \u00e9copera de quelques jours de cachot, ce qui est en soi anecdotique, tant le mal se veut autre. Car au-del\u00e0 des stigmates r\u00e9sultat de la pression des menottes (toujours apparents deux semaines apr\u00e8s les faits) et de divers h\u00e9matomes sur le corps que l\u2019unit\u00e9 m\u00e9dicale, dans son attitude collaboratrice, refusera de ratifier, il en va du traumatisme mental induit par de telles exactions et des effets op\u00e9r\u00e9s par celles-ci sur une conscience malheureuse et sur une constitution psychiquement entam\u00e9e par les circonstances ext\u00e9rieures.<\/p>\n<p align=\"JUSTIFY\">Le 5 ao\u00fbt, \u00e0 six heures, les gendarmes accompagn\u00e9s d\u2019un chien p\u00e9n\u00e8trent au deuxi\u00e8me \u00e9tage, fouillent une cellule, emm\u00e8nent un d\u00e9tenu menott\u00e9 en garde \u00e0 vue, lequel r\u00e9appara\u00eetra \u00e0 l\u2019issue de celle-ci, non inqui\u00e9t\u00e9, une erreur d\u2019appr\u00e9ciation, semble-t-il.<\/p>\n<p align=\"JUSTIFY\">Le 9 ao\u00fbt, \u00e0 5 heures 45, les Eris (les CRS de l\u2019administration p\u00e9nitentiaire) emm\u00e8nent trois d\u00e9tenus dont deux seront transf\u00e9r\u00e9s illico. Le premier est pass\u00e9 d\u2019une peine titulaire de quatre ans \u00e0 un quantum \u00e0 purger avoisinant les seize ans, de par l\u2019accumulation de peines int\u00e9rieures pour agressions sur personnel et autres mouvements d\u2019humeur. Il est accompagn\u00e9 d\u2019un deuxi\u00e8me prisonnier, qui vient de la centrale de Sequedin (59), laquelle a depuis ferm\u00e9 pour \u00eatre r\u00e9adapt\u00e9 en centre d\u2019orientation \u00e0 effet r\u00e9gional. Ce dernier ne s\u2019adapte pas \u00e0 l\u2019endroit et a demand\u00e9 son transfert malgr\u00e9 sa r\u00e9cente arriv\u00e9e. Le troisi\u00e8me d\u00e9tenu a \u00e9t\u00e9 plac\u00e9 au quartier d\u2019isolement. Le d\u00e9nominateur commun \u00e9tait la pr\u00e9paration d\u2019un mouvement collectif bas\u00e9 sur le refus des conditions de d\u00e9tention actuelles sachant qu\u2019ils \u00e9taient au r\u00e9gime enferm\u00e9. Fallait-il \u00eatre utopiste pour croire pouvoir g\u00e9rer de tels profils dans un principe de claustration absolue ?<\/p>\n<p align=\"JUSTIFY\">Le m\u00eame jour, vers 17 heures, on assiste \u00e0 une intervention casqu\u00e9e au 1&lt;sup&gt;er&lt;\/sup&gt; \u00e9tage contre l\u2019un des trois d\u00e9tenus ayant t\u00e9moign\u00e9 pour Malin Mendy qui est en train de d\u00e9truire int\u00e9gralement la cellule o\u00f9 il se trouve. Pour quel motif ? Le premier surveillant Skzempek a d\u00e9cid\u00e9 de le placer en confinement sur un pr\u00e9texte approximatif, sp\u00e9cieux, lui retirant par l\u00e0 m\u00eame la t\u00e9l\u00e9vision ainsi que l\u2019autorise cette mesure. Le r\u00e9sultat est \u00e0 la hauteur de l\u2019initiative puisqu\u2019il est plac\u00e9 au quartier disciplinaire, la cellule est ruin\u00e9e, autant que sa fin de peine (il ne lui reste que quelques mois \u00e0 purger). Il a vingt-quatre ans et une famille qui l\u2019attend, mais ici, on paye jusqu\u2019au bout.<\/p>\n<p align=\"JUSTIFY\">Lorsque tu recevras cette lettre, sache que d\u2019autres maillons se seront ajout\u00e9s \u00e0 cette d\u00e9j\u00e0 trop longue litanie coercitive. Ne penses-tu qu\u2019il soit temps de (r\u00e9)agir ?<\/p>\n<p align=\"JUSTIFY\">Ce n\u2019est pas le nombre qui fait la force d\u2019un t\u00e9moignage, c\u2019est son intensit\u00e9. Actuellement, leur nouvelle politique est ax\u00e9e sur l\u2019int\u00e9gration des longues peines, mais il est \u00e9vident qu\u2019ils ne poss\u00e8dent pas les dispositions mentales n\u00e9cessaires \u00e0 l\u2019exercice d\u2019une telle gestion. Quant au cheminement intellectuel qu\u2019il conviendrait d\u2019op\u00e9rer \u00e0 cet effet, il sera le fruit d\u2019une minorit\u00e9 car force est d\u2019admettre que deux demi-cerveaux n\u2019en font pas syst\u00e9matiquement un. Ceux qui arrivent sont lib\u00e9rables entre 2020 et 2030 et ils ont si peu \u00e0 leur offrir que cela en est path\u00e9tique !!! Pour finir, il m\u2019importe de te citer le cas d\u2019un camarade de longue date, qui purge un quantum belgo-fran\u00e7ais de vingt-cinq ans, arriv\u00e9 ici depuis peu, incarc\u00e9r\u00e9 depuis seize ans et demi, lib\u00e9rable en janvier prochain, ils ne lui ont rien propos\u00e9 de concret si ce n\u2019est une permission de sortir au titre du maintien des liens familiaux (\u00e0 quelques mois de l\u2019\u00e9largissement) qu\u2019il a d\u2019ailleurs sobrement d\u00e9clin\u00e9e, son appartenance au gang de Roubaix justifie peut-\u00eatre une sortie s\u00e8che, dans une ultime revanche. Nous en discutons et constatons que le temps carc\u00e9ral nous a rendu autant savants que philosophes, de fait, tout n\u2019est pas perdu\u2026<\/p>\n<p align=\"JUSTIFY\">Le 30 ao\u00fbt, vers 10 heures, un jeune gar\u00e7on d\u2019origine africaine souhaitait se rendre en musculation. Il avant comparu la veille devant la commission disciplinaire pour avoir particip\u00e9 \u00e0 une bagarre collective au terrain de foot. Rien de grave, juste quelques bourre-pifs lorsque le but n\u2019est pas valide. Il fut n\u00e9anmoins sanctionn\u00e9 de deux semaines d\u2019interdiction d\u2019acc\u00e8s au sport, \u00e0 savoir terrain et salle de musculation mais il avait, en toute apparence, mal interpr\u00e9t\u00e9 la nature de la d\u00e9cision. Fr\u00e9d\u00e9ric Blondel, notre premier surveillant humaniste, se fait une joie de lui prohiber l\u2019acc\u00e8s \u00e0 la salle, se r\u00e9f\u00e9rant \u00e0 la sanction. Le ton s\u2019\u00e9l\u00e8ve et le grad\u00e9 aboyeur pose la main sur le d\u00e9tenu pour lui barrer le passage. Ce d\u00e9tenu qui est d\u2019ordinaire respectueux et poli \u00e0 l\u2019\u00e9gard de chacun se jette alors sur Blondel et lui mord profond\u00e9ment le bras dans l\u2019affrontement avant d\u2019\u00eatre ma\u00eetris\u00e9 et lynch\u00e9 par les renforts, dont l\u2019un des membres se blessera au genou. Blondel, dans toute sa dimension sadique, ceinturera le cou du d\u00e9tenu avec le bras, l\u2019\u00e9touffant par l\u00e0 m\u00eame, lui susurrant : \u00ab esp\u00e8ce de b\u00e2tard, tu m\u2019as mordu ! \u00bb. L\u2019int\u00e9ress\u00e9 sera train\u00e9 au sol dans un premier temps pour \u00eatre ensuite soulev\u00e9 et conduit manu militari au quartier disciplinaire, un v\u00eatement pos\u00e9 sur le visage (en pr\u00e9vention d\u2019une morsure ? pourquoi pas une museli\u00e8re ?). Il a \u00e9t\u00e9 depuis condamn\u00e9 \u00e0 trente jours de cachot, dont dix avec sursis, certainement amen\u00e9 \u00e0 compara\u00eetre devant l\u2019instance correctionnelle lilloise et sera probablement transf\u00e9r\u00e9 vers un autre \u00e9tablissement. Ayant assist\u00e9 par la fen\u00eatre de la cellule \u00e0 son d\u00e9placement vers le mitard, j\u2019ai eu cette r\u00e9miniscence visuelle du cas de mon ami Malin Mendy. Quant \u00e0 Blondel, il a depuis disparu, en soin ou en repos, ayant parait-il demand\u00e9 sa mutation (avec promotion ?). Puisse cela \u00eatre vrai, good riddance to bad rubbish !<\/p>\n<p align=\"JUSTIFY\">Le 1er septembre \u00e0 13h30, un jeune d\u00e9tenu de vingt-sept ans, lourdement condamn\u00e9 puisque lib\u00e9rable en 2025, arriv\u00e9 ici depuis deux mois, provenant de la centrale de Sequedin, demande au surveillant d\u2019\u00e9tage de lui laisser la porte ouverte afin de d\u00e9compresser quelque peu. Il faut pr\u00e9ciser qu\u2019il poss\u00e9dait cette facult\u00e9 \u00e0 Sequedin, \u00e9tant alors auxiliaire de vie, et qu\u2019il ne comprend pas qu\u2019il soit plac\u00e9 en r\u00e9gime ferm\u00e9 depuis son arriv\u00e9e alors qu\u2019il est cens\u00e9 \u00eatre dans un centre de d\u00e9tention o\u00f9 le r\u00e9gime ouvert est en soi une norme.<\/p>\n<p align=\"JUSTIFY\">Le surveillant lui refuse cette possibilit\u00e9. S\u2019ensuit une d\u00e9rive verbale pr\u00e9c\u00e9dant un affrontement physique durant lequel les deux vont rouler au sol avant que l\u2019alarme ne soit d\u00e9clench\u00e9e. Le d\u00e9tenu est alors maitris\u00e9 par la soldatesque vindicative, menott\u00e9 et amen\u00e9 au quartier disciplinaire, soulev\u00e9 du sol par maints agents d\u00e9sireux d\u2019en d\u00e9coudre dans le huis clos du cachot. Parvenu sous la fen\u00eatre de la cellule que j\u2019occupe, il aura le r\u00e9flexe de me lancer cette phrase path\u00e9tique : \u00ab tu vois, Xavier, cela recommence ! \u00bb. Il a \u00e9cop\u00e9 de trente jours fermes de mitard et se voit accompagn\u00e9 d\u2019une escorte casqu\u00e9e, style robocop, \u00e0 chaque intervention (repas, promenade, soins). Lui aussi aura droit \u00e0 un ajout p\u00e9nal dans une prochaine comparution judiciaire. Quant \u00e0 son sort interne, nul ne sait s\u2019il sera r\u00e9affect\u00e9 en maison centrale compte tenu d\u2019un indice de dangerosit\u00e9 revu \u00e0 la hausse au regard de cet \u00e9pisode, ce dernier ayant \u00e9t\u00e9 rapport\u00e9 et travesti dans les p\u00e9riodiques locaux.<\/p>\n<p align=\"JUSTIFY\">Il convient aussi de pr\u00e9ciser qu\u2019il avait pr\u00e9alablement fait l\u2019objet d\u2019une dizaine de rapports d\u2019incident en moins de deux mois, suite \u00e0 de non-\u00e9v\u00e8nements qui n\u2019en \u00e9taient pas moins des cris de d\u00e9tresse quant au caract\u00e8re insupportable d\u2019un syst\u00e8me d\u2019enfermement ax\u00e9 sur le bin\u00f4me contention-contrition. J\u2019avais \u00e9t\u00e9 r\u00e9cemment convoqu\u00e9 en sa compagnie face au chef de d\u00e9tention associ\u00e9 \u00e0 la directrice-adjointe afin d\u2019arrondir les angles et de trouver un terrain de cohabitation. On voit o\u00f9 cela a men\u00e9, persistant \u00e0 affirmer qu\u2019il n\u2019est pas celui que l\u2019on pr\u00e9sente dans l\u2019article de la Voix du Nord consacr\u00e9 \u00e0 cet effet.<\/p>\n<p align=\"JUSTIFY\">Je viens d\u2019apprendre que dans la gradation d\u2019une violence pr\u00e9visible, il a plac\u00e9 un coup de t\u00eate \u00e0 un grad\u00e9 lors de sa comparution au pr\u00e9toire. J\u2019ignorais ce d\u00e9tail, ce qui d\u00e9montre le \u00ab jusqu\u2019au boutisme \u00bb gagnant ceux qui sont accul\u00e9s dans leurs derniers retranchements, certains sont \u00e0 fleur de peau compte tenu des provocations persistantes.<\/p>\n","protected":false},"excerpt":{"rendered":"<p>Y avait-il n\u00e9cessit\u00e9 de le placer en pr\u00e9vention au quartier disciplinaire ? C\u2019est bien entendu l\u2019arbitraire qui motive une nouvelle fois une telle d\u00e9cision. Comparaissant d\u00e8s le lendemain au pr\u00e9toire, il \u00e9copera de quelques jours de cachot, ce qui est &hellip; <a href=\"https:\/\/contrelenfermement.noblogs.org\/?p=683\">Continuer la lecture <span class=\"meta-nav\">&rarr;<\/span><\/a><\/p>\n","protected":false},"author":5244,"featured_media":0,"comment_status":"open","ping_status":"open","sticky":false,"template":"","format":"standard","meta":{"footnotes":""},"categories":[82],"tags":[508,1630,15,23,16],"class_list":["post-683","post","type-post","status-publish","format-standard","hentry","category-groupe-enquete-prison","tag-annoeullin","tag-groupe-enquete-prison","tag-prison","tag-temoignages-2","tag-violence"],"_links":{"self":[{"href":"https:\/\/contrelenfermement.noblogs.org\/index.php?rest_route=\/wp\/v2\/posts\/683","targetHints":{"allow":["GET"]}}],"collection":[{"href":"https:\/\/contrelenfermement.noblogs.org\/index.php?rest_route=\/wp\/v2\/posts"}],"about":[{"href":"https:\/\/contrelenfermement.noblogs.org\/index.php?rest_route=\/wp\/v2\/types\/post"}],"author":[{"embeddable":true,"href":"https:\/\/contrelenfermement.noblogs.org\/index.php?rest_route=\/wp\/v2\/users\/5244"}],"replies":[{"embeddable":true,"href":"https:\/\/contrelenfermement.noblogs.org\/index.php?rest_route=%2Fwp%2Fv2%2Fcomments&post=683"}],"version-history":[{"count":1,"href":"https:\/\/contrelenfermement.noblogs.org\/index.php?rest_route=\/wp\/v2\/posts\/683\/revisions"}],"predecessor-version":[{"id":684,"href":"https:\/\/contrelenfermement.noblogs.org\/index.php?rest_route=\/wp\/v2\/posts\/683\/revisions\/684"}],"wp:attachment":[{"href":"https:\/\/contrelenfermement.noblogs.org\/index.php?rest_route=%2Fwp%2Fv2%2Fmedia&parent=683"}],"wp:term":[{"taxonomy":"category","embeddable":true,"href":"https:\/\/contrelenfermement.noblogs.org\/index.php?rest_route=%2Fwp%2Fv2%2Fcategories&post=683"},{"taxonomy":"post_tag","embeddable":true,"href":"https:\/\/contrelenfermement.noblogs.org\/index.php?rest_route=%2Fwp%2Fv2%2Ftags&post=683"}],"curies":[{"name":"wp","href":"https:\/\/api.w.org\/{rel}","templated":true}]}}