{"id":732,"date":"2012-12-15T21:18:55","date_gmt":"2012-12-15T20:18:55","guid":{"rendered":"http:\/\/contrelenfermement.noblogs.org\/?p=732"},"modified":"2012-12-15T21:18:55","modified_gmt":"2012-12-15T20:18:55","slug":"prisons-record-de-detenus-letat-condamne-pour-les-baumettes","status":"publish","type":"post","link":"https:\/\/contrelenfermement.noblogs.org\/?p=732","title":{"rendered":"Prisons: record de d\u00e9tenus, l&rsquo;Etat condamn\u00e9 pour les Baumettes"},"content":{"rendered":"<p>&nbsp;<\/p>\n<div><img decoding=\"async\" src=\"http:\/\/md0.libe.com\/photo\/478481\/?modified_at=1355509503&amp;ratio_x=03&amp;ratio_y=02&amp;width=476\" alt=\"Une vue de la prison des Baumettes \u00e0 Marseille, le 11 octobre 2012, fournie par le Contr\u00f4leur g\u00e9n\u00e9ral des lieux de privation de libert\u00e9\" \/><\/p>\n<div>Une vue de la prison des Baumettes \u00e0 Marseille, le 11 octobre 2012, fournie par le Contr\u00f4leur g\u00e9n\u00e9ral des lieux de privation de libert\u00e9 (Photo Gregoire Korganow. AFP)<\/div>\n<\/div>\n<div>\n<div><\/div>\n<div>\n<p>La ministre de la Justice veut lutter contre la surpopulation carc\u00e9rale et am\u00e9liorer le sort des d\u00e9tenus, mais le nombre de prisonniers d\u00e9passe tous les records et l&rsquo;Etat s&rsquo;est encore fait taper sur les doigts vendredi pour le d\u00e9labrement de la prison marseillaise des Baumettes.<\/p>\n<p>Au 1er d\u00e9cembre, selon les statistiques mensuelles de l&rsquo;administration p\u00e9nitentiaire publi\u00e9es vendredi, il y avait 67.674 d\u00e9tenus, nouveau record historique (le pr\u00e9c\u00e9dent avait \u00e9t\u00e9 atteint au 1er juillet, avec 67.373 prisonniers).<\/p>\n<p>Le nombre de places \u00e9tant de 56.953, le taux d&rsquo;occupation moyen des quelque 240 \u00e9tablissements ou quartiers p\u00e9nitentiaires est de 118,8% et augmente lui aussi (118% au 1er novembre). Dans 10 \u00e9tablissements, ce taux d\u00e9passe les 200%, un d\u00e9tenu sur deux dort sur un matelas pos\u00e9 sur le sol.<\/p>\n<p>La tendance reste donc \u00e0 la hausse, malgr\u00e9 une circulaire de politique p\u00e9nale envoy\u00e9e en septembre par Christiane Taubira aux parquets, leur demandant de privil\u00e9gier pour les courtes peines les am\u00e9nagements tels que le bracelet \u00e9lectronique, plut\u00f4t que la d\u00e9tention, afin de rompre avec le \u00ab\u00a0tout-carc\u00e9ral\u00a0\u00bb.<\/p>\n<p>La Chancellerie souligne depuis la diffusion de cette circulaire qu&rsquo;il ne faut pas s&rsquo;attendre \u00e0 un effet imm\u00e9diat, pr\u00e9voyant plut\u00f4t un impact d\u00e9but 2013, dans le cadre d&rsquo;une politique p\u00e9nale globale et d&rsquo;un environnement plus serein que sous la droite.<\/p>\n<p>Mais ces mauvais chiffres ajoutent au malaise provoqu\u00e9 par la s\u00e9v\u00e8re mise en cause de l&rsquo;administration p\u00e9nitentiaire par le contr\u00f4leur des prisons, Jean-Marie Delarue, qui avait lanc\u00e9 le 6 d\u00e9cembre un cri d&rsquo;alarme exceptionnel sur les conditions de d\u00e9tention \u00ab\u00a0inhumaines\u00a0\u00bb \u00e0 la prison des Baumettes \u00e0 Marseille.<\/p>\n<p>Rats, cafards, araign\u00e9es et cloportes, douches crasseuses, pas de lumi\u00e8re dans certaines cellules faute d&rsquo;ampoules&#8230; le constat \u00e9tait accablant.<\/p>\n<p><strong>Traitement d\u00e9gradant<\/strong><\/p>\n<p>Dans la foul\u00e9e, l&rsquo;Observatoire international des prisons (OIP) avait d\u00e9pos\u00e9 une requ\u00eate devant le tribunal administratif de Marseille, demandant des \u00ab\u00a0mesures urgentes\u00a0\u00bb pour les Baumettes.<\/p>\n<p>Le tribunal a rendu sa d\u00e9cision vendredi, ordonnant \u00e0 l&rsquo;administration p\u00e9nitentiaire de s&rsquo;assurer que chaque cellule \u00ab\u00a0dispose d&rsquo;un \u00e9clairage artificiel et d&rsquo;une fen\u00eatre en \u00e9tat de fonctionnement\u00a0\u00bb, de \u00ab\u00a0faire proc\u00e9der \u00e0 l&rsquo;enl\u00e8vement des d\u00e9tritus\u00a0\u00bb, de veiller \u00e0 ce que les repas ne soient plus \u00ab\u00a0entrepos\u00e9s sur le sol ni \u00e0 proximit\u00e9 des bennes \u00e0 ordures\u00a0\u00bb.<\/p>\n<p>L&rsquo;avocat de l&rsquo;OIP, Patrice Spinosi, a regrett\u00e9 que le juge administratif n&rsquo;ait pas consid\u00e9r\u00e9 que l&rsquo;\u00e9tat de d\u00e9labrement de la prison mettait en p\u00e9ril la vie des d\u00e9tenus.<\/p>\n<p>Mais le b\u00e2tonnier de Marseille, J\u00e9r\u00f4me Gavaudan, s&rsquo;est f\u00e9licit\u00e9 de cette \u00ab\u00a0premi\u00e8re\u00a0\u00bb: \u00ab\u00a0injonction est faite par le juge administratif sur les conditions mat\u00e9rielles de d\u00e9tention, il fait le constat d&rsquo;un traitement inhumain et d\u00e9gradant\u00a0\u00bb, a-t-il d\u00e9clar\u00e9.<\/p>\n<p>\u00ab\u00a0Nous avons h\u00e9rit\u00e9 d&rsquo;un parc p\u00e9nitentiaire en mauvais \u00e9tat\u00a0\u00bb, avait r\u00e9agi la ministre de la Justice apr\u00e8s le coup de semonce du contr\u00f4leur des prisons.<\/p>\n<p>Christiane Taubira avait rappel\u00e9 qu&rsquo;un \u00ab\u00a0vaste programme de r\u00e9novation\u00a0\u00bb avait \u00e9t\u00e9 d\u00e9cid\u00e9 pour les trois grands \u00e9tablissements que sont justement les Baumettes, Fleury-M\u00e9rogis et La Sant\u00e9 \u00e0 Paris.<\/p>\n<p><strong>Le minist\u00e8re de la Justice a ensuite confirm\u00e9 que trois nouvelles prisons allaient \u00eatre construites \u00e0 Riom (Puy-de-D\u00f4me), Valence et Beauvais, pour en remplacer sept v\u00e9tustes.<\/strong><\/p>\n<p>Invoquant l&rsquo;urgence \u00e0 agir, la Chancellerie a conserv\u00e9 pour financer la construction de ces trois \u00e9tablissements un syst\u00e8me \u00ab\u00a0PPP\u00a0\u00bb (partenariat public-priv\u00e9) qu&rsquo;elle n&rsquo;affectionne pourtant pas du tout, car le consid\u00e9rant trop co\u00fbteux.<\/p>\n<p>&nbsp;<\/p>\n<address>Source : http:\/\/www.liberation.fr\/depeches\/2012\/12\/14\/baumettes-la-justice-ordonne-une-remise-en-etat-des-cellules_867719<\/address>\n<\/div>\n<\/div>\n","protected":false},"excerpt":{"rendered":"<p>&nbsp; Une vue de la prison des Baumettes \u00e0 Marseille, le 11 octobre 2012, fournie par le Contr\u00f4leur g\u00e9n\u00e9ral des lieux de privation de libert\u00e9 (Photo Gregoire Korganow. AFP) La ministre de la Justice veut lutter contre la surpopulation carc\u00e9rale &hellip; <a href=\"https:\/\/contrelenfermement.noblogs.org\/?p=732\">Continuer la lecture <span class=\"meta-nav\">&rarr;<\/span><\/a><\/p>\n","protected":false},"author":5244,"featured_media":0,"comment_status":"open","ping_status":"open","sticky":false,"template":"","format":"standard","meta":{"footnotes":""},"categories":[68,3],"tags":[414,61,170,15],"class_list":["post-732","post","type-post","status-publish","format-standard","hentry","category-actualites-informations","category-prisons","tag-baumettes","tag-condition","tag-marseille","tag-prison"],"_links":{"self":[{"href":"https:\/\/contrelenfermement.noblogs.org\/index.php?rest_route=\/wp\/v2\/posts\/732","targetHints":{"allow":["GET"]}}],"collection":[{"href":"https:\/\/contrelenfermement.noblogs.org\/index.php?rest_route=\/wp\/v2\/posts"}],"about":[{"href":"https:\/\/contrelenfermement.noblogs.org\/index.php?rest_route=\/wp\/v2\/types\/post"}],"author":[{"embeddable":true,"href":"https:\/\/contrelenfermement.noblogs.org\/index.php?rest_route=\/wp\/v2\/users\/5244"}],"replies":[{"embeddable":true,"href":"https:\/\/contrelenfermement.noblogs.org\/index.php?rest_route=%2Fwp%2Fv2%2Fcomments&post=732"}],"version-history":[{"count":2,"href":"https:\/\/contrelenfermement.noblogs.org\/index.php?rest_route=\/wp\/v2\/posts\/732\/revisions"}],"predecessor-version":[{"id":734,"href":"https:\/\/contrelenfermement.noblogs.org\/index.php?rest_route=\/wp\/v2\/posts\/732\/revisions\/734"}],"wp:attachment":[{"href":"https:\/\/contrelenfermement.noblogs.org\/index.php?rest_route=%2Fwp%2Fv2%2Fmedia&parent=732"}],"wp:term":[{"taxonomy":"category","embeddable":true,"href":"https:\/\/contrelenfermement.noblogs.org\/index.php?rest_route=%2Fwp%2Fv2%2Fcategories&post=732"},{"taxonomy":"post_tag","embeddable":true,"href":"https:\/\/contrelenfermement.noblogs.org\/index.php?rest_route=%2Fwp%2Fv2%2Ftags&post=732"}],"curies":[{"name":"wp","href":"https:\/\/api.w.org\/{rel}","templated":true}]}}