{"id":738,"date":"2012-12-15T23:16:38","date_gmt":"2012-12-15T22:16:38","guid":{"rendered":"http:\/\/contrelenfermement.noblogs.org\/?p=738"},"modified":"2012-12-15T23:17:07","modified_gmt":"2012-12-15T22:17:07","slug":"on-oublie-pas-philippe-el-shennawy","status":"publish","type":"post","link":"https:\/\/contrelenfermement.noblogs.org\/?p=738","title":{"rendered":"On oublie pas Philippe El Shennawy"},"content":{"rendered":"<p style=\"text-align: center\">\u00a0Philippe El Shennawy est en prison depuis 1975. Il a \u00e9t\u00e9 condamn\u00e9 \u00e0 la perp\u00e9tuit\u00e9 pour des braquages commis quand il avait vingt ans, puis pour une \u00e9vasion de l\u2019h\u00f4pital psychiatrique et pour le soup\u00e7on d\u2019autres cambriolages alors qu\u2019il \u00e9tait en libert\u00e9 conditionnelle. Il a \u00e9t\u00e9 vite class\u00e9 \u00ab d\u00e9tenu particuli\u00e8rement surveill\u00e9 \u00bb, maintenu pendant vingt ans en isolement et condamn\u00e9 \u00e0 une p\u00e9riode de s\u00fbret\u00e9 qui emp\u00eache la lib\u00e9ration conditionnelle. Apr\u00e8s une gr\u00e8ve de la faim de plusieurs mois, il a obtenu qu\u2019on r\u00e9examine cette derni\u00e8re sanction. Le jugement vient de tomber : elle est prolong\u00e9e pour trois ans encore, et la lib\u00e9ration \u00e9ventuelle est pr\u00e9vue pour 2032, apr\u00e8s 57 ans de prison. El Shennawy a annonc\u00e9 son intention de se donner la mort. S\u2019en tenir \u00e0 la lettre de la loi peut trahir l\u2019esprit de la justice. On ne devrait pas oublier que son but ultime n\u2019est pas de punir et d\u2019infliger des souffrances, mais de permettre \u00e0 tous les membres d\u2019une communaut\u00e9 de vivre mieux. Les religions du pass\u00e9 comme les sages des temps modernes nous ont appris que la justice est d\u00e9sirable mais qu\u2019elle doit \u00eatre surveill\u00e9e et orient\u00e9e par l\u2019amour de la compassion. Nous ne pouvons accepter cette peine de mort d\u00e9guis\u00e9e et demandons que soit examin\u00e9e d\u2019urgence la requ\u00eate de gr\u00e2ce, dernier recours possible. Garder quelqu\u2019un en prison pendant 57 ans, ce n\u2019est pas le corriger, c\u2019est le tuer.<\/p>\n<p style=\"text-align: center\">\n<ul>\n<li>\n<div>\n<div>\n<p style=\"text-align: center\">Adresse de Philippe El Shennawy<br \/>\nMaison centrale de Poissy, 17, rue de l\u2019Abbaye, 78\u00a0303\u00a0Poissy Cedex.<\/p>\n<\/div>\n<\/div>\n<\/li>\n<\/ul>\n<address>source : http:\/\/www.rue89.com\/2012\/12\/14\/garder-un-homme-57-ans-en-prison-cest-le-tuer-237795<\/address>\n","protected":false},"excerpt":{"rendered":"<p>\u00a0Philippe El Shennawy est en prison depuis 1975. Il a \u00e9t\u00e9 condamn\u00e9 \u00e0 la perp\u00e9tuit\u00e9 pour des braquages commis quand il avait vingt ans, puis pour une \u00e9vasion de l\u2019h\u00f4pital psychiatrique et pour le soup\u00e7on d\u2019autres cambriolages alors qu\u2019il \u00e9tait &hellip; <a href=\"https:\/\/contrelenfermement.noblogs.org\/?p=738\">Continuer la lecture <span class=\"meta-nav\">&rarr;<\/span><\/a><\/p>\n","protected":false},"author":5244,"featured_media":0,"comment_status":"open","ping_status":"open","sticky":false,"template":"","format":"standard","meta":{"footnotes":""},"categories":[68,204],"tags":[564,565,181,98],"class_list":["post-738","post","type-post","status-publish","format-standard","hentry","category-actualites-informations","category-appel-a-soutien","tag-el-schenawy","tag-perpetuite","tag-philippe-el-shennawy","tag-qhs"],"_links":{"self":[{"href":"https:\/\/contrelenfermement.noblogs.org\/index.php?rest_route=\/wp\/v2\/posts\/738","targetHints":{"allow":["GET"]}}],"collection":[{"href":"https:\/\/contrelenfermement.noblogs.org\/index.php?rest_route=\/wp\/v2\/posts"}],"about":[{"href":"https:\/\/contrelenfermement.noblogs.org\/index.php?rest_route=\/wp\/v2\/types\/post"}],"author":[{"embeddable":true,"href":"https:\/\/contrelenfermement.noblogs.org\/index.php?rest_route=\/wp\/v2\/users\/5244"}],"replies":[{"embeddable":true,"href":"https:\/\/contrelenfermement.noblogs.org\/index.php?rest_route=%2Fwp%2Fv2%2Fcomments&post=738"}],"version-history":[{"count":3,"href":"https:\/\/contrelenfermement.noblogs.org\/index.php?rest_route=\/wp\/v2\/posts\/738\/revisions"}],"predecessor-version":[{"id":740,"href":"https:\/\/contrelenfermement.noblogs.org\/index.php?rest_route=\/wp\/v2\/posts\/738\/revisions\/740"}],"wp:attachment":[{"href":"https:\/\/contrelenfermement.noblogs.org\/index.php?rest_route=%2Fwp%2Fv2%2Fmedia&parent=738"}],"wp:term":[{"taxonomy":"category","embeddable":true,"href":"https:\/\/contrelenfermement.noblogs.org\/index.php?rest_route=%2Fwp%2Fv2%2Fcategories&post=738"},{"taxonomy":"post_tag","embeddable":true,"href":"https:\/\/contrelenfermement.noblogs.org\/index.php?rest_route=%2Fwp%2Fv2%2Ftags&post=738"}],"curies":[{"name":"wp","href":"https:\/\/api.w.org\/{rel}","templated":true}]}}