{"id":742,"date":"2012-12-13T23:20:47","date_gmt":"2012-12-13T22:20:47","guid":{"rendered":"http:\/\/contrelenfermement.noblogs.org\/?p=742"},"modified":"2012-12-16T02:05:54","modified_gmt":"2012-12-16T01:05:54","slug":"prisons-neuves-le-partenariat-public-prive-du-bricolage","status":"publish","type":"post","link":"https:\/\/contrelenfermement.noblogs.org\/?p=742","title":{"rendered":"Prisons neuves : le partenariat public-priv\u00e9, du \u00ab bricolage \u00bb"},"content":{"rendered":"<p>L&rsquo;Observatoire international des prisons demande que le cahier des charges des nouvelles centrales construites avec un partenariat \u00ab\u00a0public-priv\u00e9\u00a0\u00bb soit \u00ab\u00a0enti\u00e8rement revu\u00a0\u00bb.<\/p>\n<p><strong>Riom (Puy-de-D\u00f4me), Valence (Dr\u00f4me) et Beauvais (Oise) : trois villes qui doivent accueillir, en 2015, un nouvel \u00e9tablissement p\u00e9nitentiaire.<\/strong><\/p>\n<div>\n<p>Ils remplaceront sept \u00e9tablissements v\u00e9tustes : deux \u00e0 Riom et un \u00e0 Clermont-Ferrand, Valence, Beauvais, Compi\u00e8gne et Liancourt (Oise). Pour pouvoir les fermer au plus vite, le minist\u00e8re de la Justice explique jeudi 13 d\u00e9cembre s&rsquo;\u00eatre r\u00e9solu \u00e0 conserver, pour ces trois nouvelles prisons, le mode de financement du \u00ab\u00a0partenariat public-priv\u00e9\u00a0\u00bb (PPP).<\/p>\n<p>Pr\u00e9vu par la pr\u00e9c\u00e9dente majorit\u00e9, il permet \u00e0 l&rsquo;Etat de recourir \u00e0 l&rsquo;investissement priv\u00e9 en contrepartie d&rsquo;un loyer. Jug\u00e9 trop co\u00fbteux, il a fait l&rsquo;objet de vives critiques de la part de&#8230; la ministre de la Justice elle-m\u00eame. <a title=\"Christiane Taubira\" href=\"http:\/\/tempsreel.nouvelobs.com\/tag\/christiane-taubira\">Christiane Taubira<\/a> estimait en effet en juin qu&rsquo;il n&rsquo;\u00e9tait \u00ab\u00a0pas acceptable\u00a0\u00bb car il \u00ab\u00a0engageait l&rsquo;Etat sur au moins deux g\u00e9n\u00e9rations pour \u00e9chapper \u00e0 des cr\u00e9dits aujourd&rsquo;hui\u00a0\u00bb.<\/p>\n<p>\u00ab\u00a0C&rsquo;est absurde et extr\u00eamement d\u00e9cevant\u00a0\u00bb r\u00e9agit l&rsquo;avocat et secr\u00e9taire national de l&rsquo;OIP (Observatoire international des prisons) Etienne No\u00ebl. \u00ab\u00a0On pare au plus urgent avec des solutions de bricolage qui vont alourdir l&rsquo;endettement de l&rsquo;Etat sur des dizaines d&rsquo;ann\u00e9es.\u00a0\u00bb<\/p>\n<p>Un caract\u00e8re d&rsquo;urgence effectivement mis en avant par le minist\u00e8re de la Justice pour justifier sa d\u00e9cision. La recherche d&rsquo;une ma\u00eetrise d&rsquo;ouvrage publique aurait pris trop de temps. Le minist\u00e8re pr\u00e9cise toutefois que le partenariat public-priv\u00e9\u00a0a \u00e9galement \u00e9t\u00e9 conserv\u00e9 \u00ab\u00a0pour des raisons sanitaires et de dignit\u00e9.\u00a0\u00bb Une d\u00e9cision qui laisse plus que sceptique Barbara Liaras, en charge de la revue \u00ab\u00a0Dedans Dehors\u00a0\u00bb pour l&rsquo;OIP, qui s&rsquo;est particuli\u00e8rement pench\u00e9e sur les \u00ab\u00a0nouvelles prisons\u00a0\u00bb. Dont une partie de la gestion est dans la grande majorit\u00e9 d\u00e9l\u00e9gu\u00e9e au priv\u00e9.<\/p>\n<h4>\u00ab\u00a0Plus les prisons sont grandes, plus le niveau de violence est \u00e9lev\u00e9\u00a0\u00bb<\/h4>\n<p>\u00ab\u00a0Nous ne sommes pas vraiment surpris par cette annonce, car nous savions d\u00e8s juillet que le partenariat public-priv\u00e9\u00a0\u00e9tait maintenu\u00a0\u00bb note Barbara Liaras. Mais si elle \u00ab\u00a0peut comprendre\u00a0\u00bb que l&rsquo;Etat \u00ab\u00a0soit soumis \u00e0 des engagements financiers\u00a0\u00bb, elle souhaite que \u00ab\u00a0soit enti\u00e8rement revu le cahier des charges\u00a0\u00bb de ces nouveaux \u00e9tablissements.<\/p>\n<p>\u00ab\u00a0Le cahier des charges de ces \u00e9tablissements est \u00e9tabli par l&rsquo;administration p\u00e9nitentiaire, qui transmet aux prestataires priv\u00e9s ce qu&rsquo;elle souhaite mettre en oeuvre\u00a0\u00bb.\u00a0Elle d\u00e9nonce d&rsquo;abord la taille des \u00e9tablissements. Selon le journal \u00ab\u00a0<a href=\"http:\/\/www.la-croix.com\/Actualite\/S-informer\/France\/Christiane-Taubira-annonce-la-construction-de-trois-prisons-_NG_-2012-12-12-887070\" target=\"_blank\">La Croix<\/a>\u00ab\u00a0, celui de Riom pourrait recevoir 554 d\u00e9tenus, Valence 456, et Beauvais 594.<\/p>\n<p>\u00ab\u00a0Plus les prisons sont grandes, plus le niveau de violence est \u00e9lev\u00e9 et compliqu\u00e9 \u00e0 contenir.\u00a0\u00bb L&rsquo;architecture, explique-t-elle, conduit \u00e9galement \u00e0 appliquer \u00e0 tous des mesures de s\u00e9curit\u00e9 maximales, \u00ab\u00a0quand seule une partie des d\u00e9tenus en a besoin, si tant est qu&rsquo;elle en ait r\u00e9ellement besoin.\u00a0\u00bb<\/p>\n<p>Des mesures qui se traduisent par un renfort de miradors, barbel\u00e9s et caillebotis aux fen\u00eatres, c&rsquo;est-\u00e0-dire des grillages en plus des barreaux. Qui \u00ab\u00a0r\u00e9duisent consid\u00e9rablement la visibilit\u00e9.\u00a0\u00bb Barbara Liaras ajoute que les nouvelles prisons sont con\u00e7ues pour limiter au maximum les relations entre d\u00e9tenus, entre surveillants, et entre d\u00e9tenus et surveillants. \u00ab\u00a0Tous les mouvements sont segment\u00e9s par des grilles, des sas&#8230; Sans compter la multiplication du recours au syst\u00e8me \u00e9lectrique de surveillance, d&rsquo;ouverture des portes,&#8230;\u00a0\u00bb<\/p>\n<p>Celle qui s&rsquo;est entretenue avec des d\u00e9tenus et du personnel d&rsquo;\u00e9tablissements r\u00e9cents rapporte un constat similaire des deux c\u00f4t\u00e9s : \u00ab\u00a0les d\u00e9tenus se sentent plus seuls, les surveillants aussi. Ils dialoguent moins, se connaissent moins. D&rsquo;o\u00f9 des tensions plus fortes.\u00a0\u00bb En gestion publique, poursuit-elle, un surveillant peut lui-m\u00eame changer une ampoule grill\u00e9e. \u00ab\u00a0Pas en priv\u00e9, o\u00f9 il doit transmettre une demande. Si elle n&rsquo;aboutit pas rapidement, le surveillant ne peut que r\u00e9p\u00e9ter au d\u00e9tenu qu&rsquo;il a transmis sa demande.\u00a0\u00bb<\/p>\n<p>Parmi les critiques les plus r\u00e9currentes sur les \u00e9tablissements financ\u00e9s en partenariat public-priv\u00e9\u00a0figurent en bonne place les prix des produits de la \u00ab\u00a0cantine\u00a0\u00bb. \u00ab\u00a0Dans le public, un vrai effort a \u00e9t\u00e9 fait sur les tarifs, permettant de proposer aux d\u00e9tenus des prix tout \u00e0 fait honn\u00eates\u00a0\u00bb rappelle Barbara Liaras. En comparant les prix entre public et priv\u00e9, elle a constat\u00e9 des \u00e9carts tr\u00e8s importants : \u00ab\u00a0200 grammes de Chicor\u00e9e co\u00fbtent 33 centimes dans le public, et peuvent monter jusqu&rsquo;\u00e0 2,88 euros dans le priv\u00e9.\u00a0\u00bb<\/p>\n<h4>\u00ab\u00a0Proposer \u00e0 chacun un suivi individualis\u00e9\u00a0\u00bb<\/h4>\n<p>L&rsquo;OIP souhaite que la ministre \u00ab\u00a0mette en \u0153uvre sa politique p\u00e9nale\u00a0\u00bb dont il ne \u00ab\u00a0voit pas les effets pour l&rsquo;instant\u00a0\u00bb, et qu&rsquo;elle d\u00e9veloppe des peines non carc\u00e9rales, de probation, comme les mesures de suivi, l&rsquo;accompagnement en milieu ouvert,&#8230; \u00ab\u00a0Il ne s&rsquo;agit pas d&rsquo;\u00eatre laxiste, mais de proposer \u00e0 chacun un suivi individualis\u00e9, adapt\u00e9 en fonction du d\u00e9lit et de ses besoins.\u00a0\u00bb Ce qui r\u00e9duira \u00ab\u00a0le flux et le nombre de personnes d\u00e9tenues\u00a0\u00bb. Alors pourra-t-on \u00ab\u00a0commencer \u00e0 r\u00e9fl\u00e9chir au temps de d\u00e9tention\u00a0\u00bb et se poser la question suivante : \u00ab\u00a0que faire pour que cette personne sorte de la d\u00e9linquance ?\u00a0\u00bb<\/p>\n<\/div>\n<p>&nbsp;<\/p>\n<blockquote><p>&nbsp;<\/p>\n<address>source : http:\/\/www.rue89.com\/2012\/12\/14\/prisons-neuves-le-partenariat-public-prive-du-bricolage-237805<\/address>\n<\/blockquote>\n","protected":false},"excerpt":{"rendered":"<p>L&rsquo;Observatoire international des prisons demande que le cahier des charges des nouvelles centrales construites avec un partenariat \u00ab\u00a0public-priv\u00e9\u00a0\u00bb soit \u00ab\u00a0enti\u00e8rement revu\u00a0\u00bb. Riom (Puy-de-D\u00f4me), Valence (Dr\u00f4me) et Beauvais (Oise) : trois villes qui doivent accueillir, en 2015, un nouvel \u00e9tablissement p\u00e9nitentiaire. &hellip; <a href=\"https:\/\/contrelenfermement.noblogs.org\/?p=742\">Continuer la lecture <span class=\"meta-nav\">&rarr;<\/span><\/a><\/p>\n","protected":false},"author":5244,"featured_media":0,"comment_status":"open","ping_status":"open","sticky":false,"template":"","format":"standard","meta":{"footnotes":""},"categories":[68],"tags":[],"class_list":["post-742","post","type-post","status-publish","format-standard","hentry","category-actualites-informations"],"_links":{"self":[{"href":"https:\/\/contrelenfermement.noblogs.org\/index.php?rest_route=\/wp\/v2\/posts\/742","targetHints":{"allow":["GET"]}}],"collection":[{"href":"https:\/\/contrelenfermement.noblogs.org\/index.php?rest_route=\/wp\/v2\/posts"}],"about":[{"href":"https:\/\/contrelenfermement.noblogs.org\/index.php?rest_route=\/wp\/v2\/types\/post"}],"author":[{"embeddable":true,"href":"https:\/\/contrelenfermement.noblogs.org\/index.php?rest_route=\/wp\/v2\/users\/5244"}],"replies":[{"embeddable":true,"href":"https:\/\/contrelenfermement.noblogs.org\/index.php?rest_route=%2Fwp%2Fv2%2Fcomments&post=742"}],"version-history":[{"count":2,"href":"https:\/\/contrelenfermement.noblogs.org\/index.php?rest_route=\/wp\/v2\/posts\/742\/revisions"}],"predecessor-version":[{"id":744,"href":"https:\/\/contrelenfermement.noblogs.org\/index.php?rest_route=\/wp\/v2\/posts\/742\/revisions\/744"}],"wp:attachment":[{"href":"https:\/\/contrelenfermement.noblogs.org\/index.php?rest_route=%2Fwp%2Fv2%2Fmedia&parent=742"}],"wp:term":[{"taxonomy":"category","embeddable":true,"href":"https:\/\/contrelenfermement.noblogs.org\/index.php?rest_route=%2Fwp%2Fv2%2Fcategories&post=742"},{"taxonomy":"post_tag","embeddable":true,"href":"https:\/\/contrelenfermement.noblogs.org\/index.php?rest_route=%2Fwp%2Fv2%2Ftags&post=742"}],"curies":[{"name":"wp","href":"https:\/\/api.w.org\/{rel}","templated":true}]}}