{"id":80,"date":"2012-04-22T12:54:13","date_gmt":"2012-04-22T10:54:13","guid":{"rendered":"http:\/\/contrelenfermement.noblogs.org\/?p=80"},"modified":"2012-04-22T12:57:19","modified_gmt":"2012-04-22T10:57:19","slug":"debut-avril-2012-suicide-a-la-prison-dannoeullin-59","status":"publish","type":"post","link":"https:\/\/contrelenfermement.noblogs.org\/?p=80","title":{"rendered":"D\u00e9but avril 2012\u00a0: Suicide \u00e0 la prison d&rsquo;Annoeullin (59)"},"content":{"rendered":"<p align=\"JUSTIFY\">En ce d\u00e9but d&rsquo;avril 2012, nous avons re\u00e7u la nouvelle du d\u00e9c\u00e8s de J\u00e9r\u00e9my Devoo \u00e0 la prison d&rsquo;Annoeullin. Un appel \u00e0 don pour les obs\u00e8ques sera annonc\u00e9 prochainement, d\u00e8s que nous aurons le contact de la famille.<\/p>\n<p align=\"JUSTIFY\">Un de ses camarades relate ainsi sa disparition (t\u00e9moignage du 15 avril)\u00a0:<\/p>\n<p align=\"JUSTIFY\">\u00ab\u00a0<em>J&rsquo;en viens \u00e0 la disparition de mon camarade J\u00e9r\u00e9my Devoo survenue voici une dizaine de jours. Victime d&rsquo;une sur-absorption de traitement conjugu\u00e9e \u00e0 une \u00e9rosion psychologique, il avait vingt-cinq ans et \u00e9tait p\u00e8re de deux petites filles. Proche de sa lib\u00e9ration, il n&rsquo;avait fait l&rsquo;objet d&rsquo;aucune cl\u00e9mence, la mansu\u00e9tude n&rsquo;ayant pas cours pour certains. <\/em><\/p>\n<p align=\"JUSTIFY\"><em>Il ne faut donc s&rsquo;\u00e9tonner qu&rsquo;une condamnation \u00e0 l&rsquo;anomie affective pr\u00e9dispose \u00e0 agir contre soi-m\u00eame. Je l&rsquo;ai vu partir sur une civi\u00e8re dans son linceul. Ce serait presque banal si ce n&rsquo;\u00e9tait aussi poignant. Plut\u00f4t partir que subir, voil\u00e0 \u00e0 quoi cela se r\u00e9sume. C&rsquo;est bien l\u00e0 le constant d&rsquo;inanit\u00e9 de la r\u00e9novation du parc carc\u00e9ral car, ainsi que le formulait Thierry Chatbi, la torture ne s&rsquo;am\u00e9nage pas, elle se supprime.\u00a0<\/em>\u00bb<\/p>\n<p align=\"JUSTIFY\"><a href=\"mailto:contrelenfermement@riseup.net\">contrelenfermement@riseup.net<\/a><\/p>\n<p align=\"JUSTIFY\"><a href=\"mailto:geprison@riseup.net\">geprison@riseup.net<\/a><\/p>\n<p align=\"JUSTIFY\">\n","protected":false},"excerpt":{"rendered":"<p>En ce d\u00e9but d&rsquo;avril 2012, nous avons re\u00e7u la nouvelle du d\u00e9c\u00e8s de J\u00e9r\u00e9my Devoo \u00e0 la prison d&rsquo;Annoeullin. Un appel \u00e0 don pour les obs\u00e8ques sera annonc\u00e9 prochainement, d\u00e8s que nous aurons le contact de la famille. Un de &hellip; <a href=\"https:\/\/contrelenfermement.noblogs.org\/?p=80\">Continuer la lecture <span class=\"meta-nav\">&rarr;<\/span><\/a><\/p>\n","protected":false},"author":5244,"featured_media":0,"comment_status":"open","ping_status":"open","sticky":false,"template":"","format":"standard","meta":{"footnotes":""},"categories":[82,10,3,13],"tags":[15,17,16],"class_list":["post-80","post","type-post","status-publish","format-standard","hentry","category-groupe-enquete-prison","category-ils-ont-ete-tues","category-prisons","category-temoignages","tag-prison","tag-suicide","tag-violence"],"_links":{"self":[{"href":"https:\/\/contrelenfermement.noblogs.org\/index.php?rest_route=\/wp\/v2\/posts\/80","targetHints":{"allow":["GET"]}}],"collection":[{"href":"https:\/\/contrelenfermement.noblogs.org\/index.php?rest_route=\/wp\/v2\/posts"}],"about":[{"href":"https:\/\/contrelenfermement.noblogs.org\/index.php?rest_route=\/wp\/v2\/types\/post"}],"author":[{"embeddable":true,"href":"https:\/\/contrelenfermement.noblogs.org\/index.php?rest_route=\/wp\/v2\/users\/5244"}],"replies":[{"embeddable":true,"href":"https:\/\/contrelenfermement.noblogs.org\/index.php?rest_route=%2Fwp%2Fv2%2Fcomments&post=80"}],"version-history":[{"count":4,"href":"https:\/\/contrelenfermement.noblogs.org\/index.php?rest_route=\/wp\/v2\/posts\/80\/revisions"}],"predecessor-version":[{"id":84,"href":"https:\/\/contrelenfermement.noblogs.org\/index.php?rest_route=\/wp\/v2\/posts\/80\/revisions\/84"}],"wp:attachment":[{"href":"https:\/\/contrelenfermement.noblogs.org\/index.php?rest_route=%2Fwp%2Fv2%2Fmedia&parent=80"}],"wp:term":[{"taxonomy":"category","embeddable":true,"href":"https:\/\/contrelenfermement.noblogs.org\/index.php?rest_route=%2Fwp%2Fv2%2Fcategories&post=80"},{"taxonomy":"post_tag","embeddable":true,"href":"https:\/\/contrelenfermement.noblogs.org\/index.php?rest_route=%2Fwp%2Fv2%2Ftags&post=80"}],"curies":[{"name":"wp","href":"https:\/\/api.w.org\/{rel}","templated":true}]}}