{"id":810,"date":"2012-12-26T16:04:55","date_gmt":"2012-12-26T15:04:55","guid":{"rendered":"http:\/\/contrelenfermement.noblogs.org\/?p=810"},"modified":"2012-12-26T16:06:55","modified_gmt":"2012-12-26T15:06:55","slug":"un-evade-de-la-prison-de-troyes-arrete","status":"publish","type":"post","link":"https:\/\/contrelenfermement.noblogs.org\/?p=810","title":{"rendered":"Un \u00e9vad\u00e9 de la prison de Troyes arr\u00eat\u00e9"},"content":{"rendered":"<p>Un des deux hommes <a href=\"http:\/\/www.lefigaro.fr\/flash-actu\/2012\/12\/16\/97001-20121216FILWWW00039-troyes-2-detenus-s-evadent-de-prison.php\">qui s&rsquo;\u00e9taient \u00e9vad\u00e9s de la maison d&rsquo;arr\u00eat de Troyes mi-d\u00e9cembre<\/a> a \u00e9t\u00e9 interpell\u00e9 la veille de No\u00ebl dans le d\u00e9partement du Loir-et-Cher. L&rsquo;homme de 34 ans, de nationalit\u00e9 portugaise, a \u00e9t\u00e9 retrouv\u00e9 \u00e0 bord d&rsquo;un v\u00e9hicule dans la r\u00e9gion de Blois lundi, arr\u00eat\u00e9 sans difficult\u00e9 et incarc\u00e9r\u00e9 de nouveau dans l&rsquo;apr\u00e8s-midi. Il devrait faire l&rsquo;objet d&rsquo;une mise en examen \u00ab\u00a0dans les jours \u00e0 venir\u00a0\u00bb au titre de son \u00e9vasion et faire l&rsquo;objet d&rsquo;un nouveau mandat de d\u00e9p\u00f4t, a expliqu\u00e9 le procureur de Troyes Alex Perrin, qui confirmait une information de France 3 Champagne-Ardenne.<\/p>\n<p>Aucun d\u00e9tail n&rsquo;a \u00e9t\u00e9 donn\u00e9 sur les circonstances qui ont men\u00e9 \u00e0 l&rsquo;arrestation du fugitif. Le deuxi\u00e8me \u00e9vad\u00e9, un homme de 25 ans, \u00e9tait toujours recherch\u00e9 et le parquet avait \u00ab\u00a0bon espoir\u00a0\u00bb de le retrouver.<\/p>\n<p>Les deux d\u00e9tenus de la maison d&rsquo;arr\u00eat de Troyes s&rsquo;\u00e9taient \u00e9vad\u00e9s le 16 d\u00e9cembre. Selon le r\u00e9cit d&rsquo;un d\u00e9l\u00e9gu\u00e9 FO P\u00e9nitentiaire, ils avaient sci\u00e9 un barreau de la fen\u00eatre et s&rsquo;\u00e9taient r\u00e9fugi\u00e9s sur le toit avant de redescendre au petit matin dans la cour de promenade et de se sauver en courant lorsque le surveillant avait ouvert la porte d&rsquo;entr\u00e9e. Les deux cod\u00e9tenus n&rsquo;\u00e9taient pas connus pour des affaires de grand banditisme ou de tr\u00e8s grave criminalit\u00e9.<\/p>\n<p>L&rsquo;homme qui a \u00e9t\u00e9 retrouv\u00e9 lundi \u00e9tait en ex\u00e9cution de peine en France jusqu&rsquo;en juin 2013 et une proc\u00e9dure \u00e9tait en cours \u00e0 son encontre pour une ex\u00e9cution de peine au Portugal.\u00a0 Le second individu \u00e9tait en d\u00e9tention provisoire dans le cadre d&rsquo;une affaire de recel. Le parquet de Troyes avait ouvert une information judiciaire pour \u00ab\u00a0\u00e9vasion avec effraction\u00a0\u00bb, qualification qui peut faire courir jusqu&rsquo;\u00e0 cinq ans de prison.<\/p>\n<address>source : http:\/\/www.lefigaro.fr\/flash-actu\/2012\/12\/25\/97001-20121225FILWWW00043-un-evade-de-la-prison-de-troyes-arrete.php<\/address>\n","protected":false},"excerpt":{"rendered":"<p>Un des deux hommes qui s&rsquo;\u00e9taient \u00e9vad\u00e9s de la maison d&rsquo;arr\u00eat de Troyes mi-d\u00e9cembre a \u00e9t\u00e9 interpell\u00e9 la veille de No\u00ebl dans le d\u00e9partement du Loir-et-Cher. L&rsquo;homme de 34 ans, de nationalit\u00e9 portugaise, a \u00e9t\u00e9 retrouv\u00e9 \u00e0 bord d&rsquo;un v\u00e9hicule &hellip; <a href=\"https:\/\/contrelenfermement.noblogs.org\/?p=810\">Continuer la lecture <span class=\"meta-nav\">&rarr;<\/span><\/a><\/p>\n","protected":false},"author":5244,"featured_media":0,"comment_status":"open","ping_status":"open","sticky":false,"template":"","format":"standard","meta":{"footnotes":""},"categories":[6],"tags":[625,626,624,623],"class_list":["post-810","post","type-post","status-publish","format-standard","hentry","category-comment-ils-nous-enferment","tag-blois","tag-evasion","tag-loir-et-cher","tag-troyes"],"_links":{"self":[{"href":"https:\/\/contrelenfermement.noblogs.org\/index.php?rest_route=\/wp\/v2\/posts\/810","targetHints":{"allow":["GET"]}}],"collection":[{"href":"https:\/\/contrelenfermement.noblogs.org\/index.php?rest_route=\/wp\/v2\/posts"}],"about":[{"href":"https:\/\/contrelenfermement.noblogs.org\/index.php?rest_route=\/wp\/v2\/types\/post"}],"author":[{"embeddable":true,"href":"https:\/\/contrelenfermement.noblogs.org\/index.php?rest_route=\/wp\/v2\/users\/5244"}],"replies":[{"embeddable":true,"href":"https:\/\/contrelenfermement.noblogs.org\/index.php?rest_route=%2Fwp%2Fv2%2Fcomments&post=810"}],"version-history":[{"count":3,"href":"https:\/\/contrelenfermement.noblogs.org\/index.php?rest_route=\/wp\/v2\/posts\/810\/revisions"}],"predecessor-version":[{"id":812,"href":"https:\/\/contrelenfermement.noblogs.org\/index.php?rest_route=\/wp\/v2\/posts\/810\/revisions\/812"}],"wp:attachment":[{"href":"https:\/\/contrelenfermement.noblogs.org\/index.php?rest_route=%2Fwp%2Fv2%2Fmedia&parent=810"}],"wp:term":[{"taxonomy":"category","embeddable":true,"href":"https:\/\/contrelenfermement.noblogs.org\/index.php?rest_route=%2Fwp%2Fv2%2Fcategories&post=810"},{"taxonomy":"post_tag","embeddable":true,"href":"https:\/\/contrelenfermement.noblogs.org\/index.php?rest_route=%2Fwp%2Fv2%2Ftags&post=810"}],"curies":[{"name":"wp","href":"https:\/\/api.w.org\/{rel}","templated":true}]}}