{"id":837,"date":"2013-01-02T17:25:11","date_gmt":"2013-01-02T16:25:11","guid":{"rendered":"http:\/\/contrelenfermement.noblogs.org\/?p=837"},"modified":"2013-01-02T17:25:11","modified_gmt":"2013-01-02T16:25:11","slug":"3-personnes-detenus-sevadent-dune-prison-de-colmar","status":"publish","type":"post","link":"https:\/\/contrelenfermement.noblogs.org\/?p=837","title":{"rendered":"3 personnes d\u00e9tenus s&rsquo;\u00e9vadent d&rsquo;une prison de Colmar"},"content":{"rendered":"<p><strong>Trois d\u00e9tenus de la maison d&rsquo;arr\u00eat de Colmar, (Haut-Rhin) se sont \u00e9vad\u00e9s par le toit au cours de la nuit du 31 d\u00e9cembre au 1er janvier.<\/strong><\/p>\n<p>Selon les m\u00e9dias locaux, les trois hommes, \u00e2g\u00e9s de 24 et 19 ans, partageaient une m\u00eame cellule. Gr\u00e2ce \u00e0 un trou creus\u00e9 dans le plafond, ils ont pu acc\u00e9der aux combles de la maison d&rsquo;arr\u00eat, reli\u00e9es \u00e0 celles du tribunal de grande instance (TGI).<\/p>\n<p>Ils ont creus\u00e9 un second trou dans le plancher gr\u00e2ce auquel ils ont pu p\u00e9n\u00e9trer dans le TGI et ressortir par une porte donnant sur la rue.<\/p>\n<p>L&rsquo;\u00e9vasion se serait produite aux environs de 4H30 mardi matin. Les surveillants se sont aper\u00e7us de leur disparition au moment de la ronde de 7H00. Seule une corde fabriqu\u00e9e \u00e0 l&rsquo;aide de draps a \u00e9t\u00e9 retrouv\u00e9e.<\/p>\n<p>Cette \u00e9vasion spectaculaire intervient une semaine apr\u00e8s la publication d&rsquo;un rapport d\u00e9non\u00e7ant l&rsquo;insalubrit\u00e9 et la v\u00e9tust\u00e9 de la prison de Colmar. Dans ce document, r\u00e9alis\u00e9 \u00e0 la demande d&rsquo;un d\u00e9tenu, un expert judiciaire d\u00e9plore entre autres l&rsquo;\u00e9troitesse des cellules, l&rsquo;\u00e9tat d\u00e9fectueux des chauffages et le manque d&rsquo;a\u00e9ration.<\/p>\n<p>source : http:\/\/french.peopledaily.com.cn\/International\/8075691.html<\/p>\n","protected":false},"excerpt":{"rendered":"<p>Trois d\u00e9tenus de la maison d&rsquo;arr\u00eat de Colmar, (Haut-Rhin) se sont \u00e9vad\u00e9s par le toit au cours de la nuit du 31 d\u00e9cembre au 1er janvier. Selon les m\u00e9dias locaux, les trois hommes, \u00e2g\u00e9s de 24 et 19 ans, partageaient &hellip; <a href=\"https:\/\/contrelenfermement.noblogs.org\/?p=837\">Continuer la lecture <span class=\"meta-nav\">&rarr;<\/span><\/a><\/p>\n","protected":false},"author":5244,"featured_media":0,"comment_status":"open","ping_status":"open","sticky":false,"template":"","format":"standard","meta":{"footnotes":""},"categories":[68],"tags":[356,596,75,626,638,639],"class_list":["post-837","post","type-post","status-publish","format-standard","hentry","category-actualites-informations","tag-cellule","tag-colmar","tag-detenus","tag-evasion","tag-haut-rhyn","tag-janvier"],"_links":{"self":[{"href":"https:\/\/contrelenfermement.noblogs.org\/index.php?rest_route=\/wp\/v2\/posts\/837","targetHints":{"allow":["GET"]}}],"collection":[{"href":"https:\/\/contrelenfermement.noblogs.org\/index.php?rest_route=\/wp\/v2\/posts"}],"about":[{"href":"https:\/\/contrelenfermement.noblogs.org\/index.php?rest_route=\/wp\/v2\/types\/post"}],"author":[{"embeddable":true,"href":"https:\/\/contrelenfermement.noblogs.org\/index.php?rest_route=\/wp\/v2\/users\/5244"}],"replies":[{"embeddable":true,"href":"https:\/\/contrelenfermement.noblogs.org\/index.php?rest_route=%2Fwp%2Fv2%2Fcomments&post=837"}],"version-history":[{"count":1,"href":"https:\/\/contrelenfermement.noblogs.org\/index.php?rest_route=\/wp\/v2\/posts\/837\/revisions"}],"predecessor-version":[{"id":838,"href":"https:\/\/contrelenfermement.noblogs.org\/index.php?rest_route=\/wp\/v2\/posts\/837\/revisions\/838"}],"wp:attachment":[{"href":"https:\/\/contrelenfermement.noblogs.org\/index.php?rest_route=%2Fwp%2Fv2%2Fmedia&parent=837"}],"wp:term":[{"taxonomy":"category","embeddable":true,"href":"https:\/\/contrelenfermement.noblogs.org\/index.php?rest_route=%2Fwp%2Fv2%2Fcategories&post=837"},{"taxonomy":"post_tag","embeddable":true,"href":"https:\/\/contrelenfermement.noblogs.org\/index.php?rest_route=%2Fwp%2Fv2%2Ftags&post=837"}],"curies":[{"name":"wp","href":"https:\/\/api.w.org\/{rel}","templated":true}]}}