{"id":852,"date":"2013-01-05T19:48:49","date_gmt":"2013-01-05T18:48:49","guid":{"rendered":"http:\/\/contrelenfermement.noblogs.org\/?p=852"},"modified":"2013-01-05T19:48:49","modified_gmt":"2013-01-05T18:48:49","slug":"une-detenue-de-73-ans-simmole-dans-sa-cellule-dans-lyonne","status":"publish","type":"post","link":"https:\/\/contrelenfermement.noblogs.org\/?p=852","title":{"rendered":"Une d\u00e9tenue de 73 ans s&rsquo;immole dans sa cellule dans l&rsquo;Yonne"},"content":{"rendered":"<div><\/div>\n<div><img decoding=\"async\" alt=\"Une cellule de prison\" src=\"http:\/\/md0.libe.com\/photo\/482908\/?modified_at=1357398306&amp;ratio_x=03&amp;ratio_y=02&amp;width=476\" \/><\/p>\n<div>Une cellule de prison (Photo Denis Charlet. AFP)<\/div>\n<\/div>\n<p>&nbsp;<\/p>\n<div>\n<div>\n<p>Une femme de 73 ans, qui devait rester en d\u00e9tention jusqu&rsquo;\u00e0 ses 80 ans, est d\u00e9c\u00e9d\u00e9e samedi matin en s&rsquo;immolant par le feu dans sa cellule de la prison de Joux-la-Ville dans l&rsquo;Yonne, a-t-on appris de source judiciaire.<\/p>\n<p>Cette d\u00e9tenue avait \u00e9t\u00e9 condamn\u00e9e pour tentative d&rsquo;assassinat et sa fin de peine \u00e9tait programm\u00e9e pour 2019.<\/p>\n<p>Les faits se sont produits entre 07h00 et 08h00 samedi au centre de d\u00e9tention, alors que cette femme se trouvait seule dans sa cellule.<\/p>\n<p>Des investigations \u00e9taient en cours samedi pour d\u00e9terminer avec quel produit elle a pu mettre le feu. L&rsquo;enqu\u00eate a \u00e9t\u00e9 confi\u00e9e \u00e0 la gendarmerie et la justice a ordonn\u00e9 une autopsie.<\/p>\n<p>Au total, 2.286 femmes \u00e9taient incarc\u00e9r\u00e9es au 1er d\u00e9cembre 2012, repr\u00e9sentant 3% de la population carc\u00e9rale fran\u00e7aise.<\/p>\n<p>Au 1er janvier 2012, une tr\u00e8s petite minorit\u00e9 (3,5%) des personnes \u00e9crou\u00e9es (hommes et femmes confondus), soit 2.565 personnes, \u00e9taient \u00e2g\u00e9es de plus de 60 ans.<\/p>\n<p>Il y a eu 116 suicides en prison en 2011.<\/p>\n<p>&nbsp;<\/p>\n<address>source : http:\/\/www.liberation.fr\/depeches\/2013\/01\/05\/prison-une-detenue-de-73-ans-s-immole-dans-sa-cellule-dans-l-yonne_871871<\/address>\n<\/div>\n<\/div>\n","protected":false},"excerpt":{"rendered":"<p>Une cellule de prison (Photo Denis Charlet. AFP) &nbsp; Une femme de 73 ans, qui devait rester en d\u00e9tention jusqu&rsquo;\u00e0 ses 80 ans, est d\u00e9c\u00e9d\u00e9e samedi matin en s&rsquo;immolant par le feu dans sa cellule de la prison de Joux-la-Ville &hellip; <a href=\"https:\/\/contrelenfermement.noblogs.org\/?p=852\">Continuer la lecture <span class=\"meta-nav\">&rarr;<\/span><\/a><\/p>\n","protected":false},"author":5244,"featured_media":0,"comment_status":"open","ping_status":"open","sticky":false,"template":"","format":"standard","meta":{"footnotes":""},"categories":[10],"tags":[660],"class_list":["post-852","post","type-post","status-publish","format-standard","hentry","category-ils-ont-ete-tues","tag-yonne"],"_links":{"self":[{"href":"https:\/\/contrelenfermement.noblogs.org\/index.php?rest_route=\/wp\/v2\/posts\/852","targetHints":{"allow":["GET"]}}],"collection":[{"href":"https:\/\/contrelenfermement.noblogs.org\/index.php?rest_route=\/wp\/v2\/posts"}],"about":[{"href":"https:\/\/contrelenfermement.noblogs.org\/index.php?rest_route=\/wp\/v2\/types\/post"}],"author":[{"embeddable":true,"href":"https:\/\/contrelenfermement.noblogs.org\/index.php?rest_route=\/wp\/v2\/users\/5244"}],"replies":[{"embeddable":true,"href":"https:\/\/contrelenfermement.noblogs.org\/index.php?rest_route=%2Fwp%2Fv2%2Fcomments&post=852"}],"version-history":[{"count":1,"href":"https:\/\/contrelenfermement.noblogs.org\/index.php?rest_route=\/wp\/v2\/posts\/852\/revisions"}],"predecessor-version":[{"id":853,"href":"https:\/\/contrelenfermement.noblogs.org\/index.php?rest_route=\/wp\/v2\/posts\/852\/revisions\/853"}],"wp:attachment":[{"href":"https:\/\/contrelenfermement.noblogs.org\/index.php?rest_route=%2Fwp%2Fv2%2Fmedia&parent=852"}],"wp:term":[{"taxonomy":"category","embeddable":true,"href":"https:\/\/contrelenfermement.noblogs.org\/index.php?rest_route=%2Fwp%2Fv2%2Fcategories&post=852"},{"taxonomy":"post_tag","embeddable":true,"href":"https:\/\/contrelenfermement.noblogs.org\/index.php?rest_route=%2Fwp%2Fv2%2Ftags&post=852"}],"curies":[{"name":"wp","href":"https:\/\/api.w.org\/{rel}","templated":true}]}}