{"id":855,"date":"2013-01-05T20:00:47","date_gmt":"2013-01-05T19:00:47","guid":{"rendered":"http:\/\/contrelenfermement.noblogs.org\/?p=855"},"modified":"2013-01-05T20:00:47","modified_gmt":"2013-01-05T19:00:47","slug":"nes-libres-nous-le-resterons","status":"publish","type":"post","link":"https:\/\/contrelenfermement.noblogs.org\/?p=855","title":{"rendered":"\u00ab N\u00e9s libres, nous le resterons \u00bb"},"content":{"rendered":"<p id=\"article-ligne-haut\"><strong>Soutenir la lutte des prisonniers palestiniens<\/strong><\/p>\n<div id=\"article-ligne-mediane\">\n<p><strong>I &#8211; Abolir la d\u00e9tention \u00ab\u00a0administrative\u00a0\u00bb<\/strong><\/p>\n<p>Ayman Sharawneh, Samer Issawi, Ja\u2019far Izzidine,Tareq Qa\u2019dan, Uday Kilani, Youssef Shaabane, sont des prisonniers \u00ab\u00a0administratifs\u00a0\u00bb, des Palestiniens arr\u00eat\u00e9s puis d\u00e9tenus arbitrairement, parce que l\u2019Etat de l\u2019occupation les a jug\u00e9s \u00ab\u00a0dangereux\u00a0\u00bb pour sa \u00ab\u00a0s\u00e9curit\u00e9\u00a0\u00bb, alors que depuis son existence, cet Etat a effectivement mis en danger la s\u00e9curit\u00e9 de millions de Palestiniens, vivant sous occupation ou en exil.<\/p>\n<p>Ayman Sharawneh, de la ville d\u2019al-Khalil et Samer \u2018Issawi, de la ville d\u2019al-Quds, avaient \u00e9t\u00e9 lib\u00e9r\u00e9s lors de l\u2019op\u00e9ration d\u2019\u00e9change en octobre 2011. Mais l\u2019Etat sioniste a aussit\u00f4t arr\u00eat\u00e9 plusieurs des prisonniers lib\u00e9r\u00e9s, sans aucune \u00ab\u00a0charge\u00a0\u00bb, sinon celle de repr\u00e9senter une \u00ab\u00a0menace\u00a0\u00bb. La d\u00e9tention \u00ab\u00a0administrative\u00a0\u00bb est une forme de torture extr\u00eamement sophistiqu\u00e9e, inaugur\u00e9e par l\u2019occupant britannique en Palestine et poursuivie par l\u2019occupation sioniste, puisqu\u2019il s\u2019agit d\u2019une arrestation puis d\u2019une d\u00e9tention arbitraires, qui n\u2019est r\u00e9gie par aucune r\u00e8gle autre que l\u2019avis des services de renseignements de l\u2019occupation. Cette d\u00e9tention peut \u00eatre renouvel\u00e9e sans cesse, de six mois en six mois, et le prisonnier n\u2019apprend la d\u00e9cision de son renouvellement que lorsqu\u2019il s\u2019appr\u00eate \u00e0 retourner dans sa famille. Tout en \u00e9tant une torture morale en soi, l\u2019arrestation puis la d\u00e9tention administrative menacent la vie de tous les citoyens palestiniens, de la Cisjordanie , y compris de la ville d\u2019al-Quds, qui peuvent se retrouver derri\u00e8re les barreaux rien que pour avoir exprim\u00e9 leur refus de l\u2019occupation.<br \/>\nL\u2019emprisonnement \u00ab\u00a0administratif\u00a0\u00bb est une barbarie moderne, il bafoue la dignit\u00e9 de tout Palestinien vivant sous occupation.<\/p>\n<p>C\u2019est pourquoi des prisonniers et anciens prisonniers m\u00e8nent \u00e0 pr\u00e9sent une campagne pour \u00ab\u00a0abolir la d\u00e9tention administrative\u00a0\u00bb. Il ne s\u2019agit pas de la premi\u00e8re campagne, mais celle-ci a commenc\u00e9 avec la gr\u00e8ve de la faim men\u00e9e par Sheikh Khodr Adnane, au mois de d\u00e9cembre 2011, qui avait \u00e9t\u00e9 arr\u00eat\u00e9 et plac\u00e9 en \u00ab\u00a0d\u00e9tention administrative\u00a0\u00bb, puis par la prisonni\u00e8re lib\u00e9r\u00e9e Hana\u2019 Shalabi, arr\u00eat\u00e9e \u00e0 nouveau et plac\u00e9e \u00e9galement en \u00ab\u00a0d\u00e9tention administrative\u00a0\u00bb, suivis par Bilal Diab, Thaer Halahla, Jaafar Izzidine, Umar Abou Shalal, Hassan Safadi, Mahmoud Sersek et Samer Barq. Certains furent lib\u00e9r\u00e9s, d\u2019autres \u00ab\u00a0\u00ab\u00a0\u00e9loign\u00e9s\u00a0\u00bb \u00e0 Gaza (Hana\u2019 Shalabi), d\u2019autres re\u00e7urent la promesse de leur lib\u00e9ration s\u2019ils acceptaient leur d\u00e9portation (Samer Barq), certains lib\u00e9r\u00e9s puis arr\u00eat\u00e9s \u00e0 nouveau (Ja\u2019afar Izzidine, cadre dirigeant du mouvement du Jihad islamique). Ce dernier fut \u00e0 nouveau arr\u00eat\u00e9 et d\u00e9tenu arbitrairement avec Tareq Qa\u2019dan, pendant l\u2019agression contre Gaza, au mois de novembre dernier.<\/p>\n<p>La bataille pour l\u2019abolition de la \u00ab\u00a0d\u00e9tention administrative\u00a0\u00bb est men\u00e9e par les prisonniers qui ont entam\u00e9 la gr\u00e8ve de la faim, puis les familles des prisonniers (l\u2019\u00e9pouse de Tareq Qaadan, dont l\u2019\u00e9tat de sant\u00e9 s\u2019est d\u00e9t\u00e9rior\u00e9, a rejoint la lutte des \u00ab\u00a0ventres creux\u00a0\u00bb) et les prisonniers lib\u00e9r\u00e9s, comme le cadre dirigeant du Jihad islamique, Sheikh Khodr Adnane. Les associations palestiniennes de solidarit\u00e9 avec les prisonniers, ainsi que les familles et proches, participent \u00e0 la mobilisation. Ayman Sharawneh vient d\u2019arr\u00eater, momentan\u00e9ment sa gr\u00e8ve, apr\u00e8s 170 jours de lutte. Les sionistes ont promis sa lib\u00e9ration. Il menace de reprendre son combat s\u2019il n\u2019est pas imm\u00e9diatement lib\u00e9r\u00e9. Samer \u2018Issawi, en gr\u00e8ve de la faim depuis plus de 5 mois (150 jours) a \u00e9t\u00e9 r\u00e9cemment brutalis\u00e9 au tribunal parce qu\u2019il a voulu \u00e9treindre sa m\u00e8re et sa s\u0153ur Shirine, elle aussi ancienne d\u00e9tenue. La famille de Samer \u2018Issawi vit \u00e0 pr\u00e9sent dans leur maison encercl\u00e9e par les forces de police, dans la ville d\u2019al-Quds et lui-m\u00eame, apr\u00e8s avoir \u00e9t\u00e9 agress\u00e9 au tribunal, est isol\u00e9 dans sa cellule. Les prisonniers en gr\u00e8ve de la faim ont d\u00e9cid\u00e9 de poursuivre leur lutte pour la dignit\u00e9 de tous les Palestiniens.<\/p>\n<p><i>La campagne pour l\u2019abolition de la \u00ab\u00a0d\u00e9tention administrative\u00a0\u00bb doit s\u2019\u00e9largir. La pression internationale, le boycott des institutions sionistes, la campagne m\u00e9diatique pour la lib\u00e9ration des prisonniers, doivent s\u2019intensifier. Ne laissez pas les prisonniers mourir\u00a0! Participez \u00e0 la bataille pour leur lib\u00e9ration\u00a0!<\/i><\/p>\n<p><strong>2 \u2013 Statistiques<\/strong><\/p>\n<p>Le directeur des statistiques du minist\u00e8re charg\u00e9 des prisonniers palestiniens a publi\u00e9 le communiqu\u00e9 suivant\u00a0: en 2012, l\u2019occupation a arr\u00eat\u00e9 3848 Palestiniens, dont 881 enfants, 67 femmes, 11 d\u00e9put\u00e9s et 9 prisonniers lib\u00e9r\u00e9s lors de l\u2019accord d\u2019\u00e9change en octobre 2011.<\/p>\n<p>Plus de 95% des Palestiniens arr\u00eat\u00e9s sont de la Cisjordanie occup\u00e9e, et 89 Palestiniens sont de la bande de Gaza, en majorit\u00e9 des p\u00eacheurs arr\u00eat\u00e9s en mer. Concernant les prisonniers \u00ab\u00a0administratifs\u00a0\u00bb, leur nombre s\u2019\u00e9levait en novembre 2012 \u00e0 160 prisonniers et en d\u00e9cembre 2012 \u00e0 190 prisonniers. 70 prisonniers palestiniens sont d\u00e9tenus depuis plus de 20 ans et 23 prisonniers depuis plus de 25 ans.<\/p>\n<p><strong>3 \u2013 Darrar Abu Sissi, enlev\u00e9 en Ukraine, toujours en isolement<\/strong><\/p>\n<p>De nouvelles r\u00e9v\u00e9lations ont \u00e9t\u00e9 faites par le prisonnier Darrar Abou Sissi, enlev\u00e9 en Ukraine par les services du Mossad en collaboration avec les appareils s\u00e9cutaires ukrainiens, en f\u00e9vrier 2011. Pour la premi\u00e8re fois, il a pu rencontrer un avocat palestinien, qui lui a rendu visite dans la section de l\u2019isolement dans la prison d\u2019Ascalan. Alors qu\u2019il se rendait en Ukraine, via la Jordanie, les services de renseignements jordaniens l\u2019avaient arr\u00eat\u00e9 d\u00e8s sa descente d\u2019avion et d\u00e9tenu pendant 5 jours, avec un interrogatoire d\u2019une dur\u00e9e de 14 heures d\u2019affil\u00e9e, avant de le laisser poursuivre son chemin vers l\u2019Ukraine.<\/p>\n<p>Puis, alors qu\u2019il se trouvait dans le train pour aller rejoindre son fr\u00e8re, \u00e0 Kiev, trois policiers ukrainiens l\u2019arr\u00eatent soi-disant pour contr\u00f4ler ses papiers, mais il est enlev\u00e9 et remis aux services s\u00e9curitaires ukrainiens qui l\u2019enferment et le rouent de coups, avant de le livrer au Mossad. Il est ensuite transport\u00e9 en avion, les yeux band\u00e9s et les mains et pieds attach\u00e9s, dans une position accroupie, pendant 5 heures. Arriv\u00e9 dans l\u2019Etat de l\u2019occupation, il est transf\u00e9r\u00e9 au centre d\u2019interrogatoire \u00e0 Petah Tikva. Il est accus\u00e9 d\u2019appartenir aux Brigades d\u2019al-Qassam (branche arm\u00e9e du Hamas) et d\u2019avoir d\u00e9velopp\u00e9 en tant qu\u2019ing\u00e9nieur, la centrale \u00e9lectrique dans la bande de Gaza.<\/p>\n<p>Depuis son enl\u00e8vement, Darrar Abou Sissi est en isolement.<\/p>\n<p><strong>4 \u2013 \u00ab\u00a0Isra\u00ebl\u00a0\u00bb se venge sur les enfants palestiniens<\/strong><\/p>\n<p>L\u2019Etat de l\u2019occupation craint les fus\u00e9es de la r\u00e9sistance. Il se venge sur les enfants palestiniens, cibles de la brutalit\u00e9 et de la sauvagerie des occupants sionistes. Un nouveau rapport du minist\u00e8re palestinien charg\u00e9 des prisonniers d\u00e9nonce l\u2019arrestation en 2012 d\u2019environ 900 enfants palestiniens, \u00e2g\u00e9s entre douze et dix-sept ans. Les arrestations se sont multipli\u00e9es apr\u00e8s la guerre r\u00e9cente contre Gaza et la victoire de la r\u00e9sistance. 95% des enfants arr\u00eat\u00e9s ont \u00e9t\u00e9 brutalis\u00e9s, avant m\u00eame d\u2019atteindre le centre de d\u00e9tention, soit lors de leur arrestation, souvent entre 2h et 4 h du matin, soit lors de leur transfert en voitures militaires, soit dans les colonies o\u00f9 ils sont d\u2019abord transf\u00e9r\u00e9s pour interrogatoires.<\/p>\n<p>Entre les s\u00e9ances d\u2019interrogatoires, les enfants sont attach\u00e9s \u00e0 des poteaux, \u00e0 l\u2019ext\u00e9rieur, en plein froid ou sous la pluie, avant m\u00eame qu\u2019ils aient rencontr\u00e9 des avocats. Les services de renseignements sionistes leur font signer des \u00ab\u00a0aveux\u00a0\u00bb r\u00e9dig\u00e9s en h\u00e9breu (qu\u2019ils ne comprennent pas), et les menacent s\u2019ils ne collaborent pas avec eux. 200 enfants palestiniens sont en situation d\u2019arrestation actuellement, dont 135 prisonniers, dont 32 enfants \u00e2g\u00e9s de moins de 16 ans.<\/p>\n<p><strong>5- Prisonniers priv\u00e9s de poursuivre leurs \u00e9tudes<\/strong><\/p>\n<p>Le tribunal sioniste a d\u00e9cid\u00e9 de maintenir l\u2019interdiction faite aux prisonniers palestiniens de poursuivre leurs \u00e9tudes secondaires et universitaires. Pour les associations solidaires des prisonniers, il s\u2019agit d\u2019une mesure de vengeance envers les prisonniers. Une nouvelle fois, l\u2019Etat de l\u2019occupation trahit ses promesses, puisqu\u2019il avait accept\u00e9, suite \u00e0 la gr\u00e8ve de la faim men\u00e9e par les prisonniers le 17 avril 2012, de permettre \u00e0 nouveau aux prisonniers de poursuivre leurs \u00e9tudes.<\/p>\n<p>Mais l\u2019occupant agit selon le rapport de forces pr\u00e9sent sur le terrain et dans le monde. Tant que les institutions internationales, et notamment europ\u00e9ennes, se rendent complices, par leur silence ou m\u00eame leur approbation, des crimes de l\u2019Etat de l\u2019occupation, celui-ci poursuit sa politique criminelle envers le peuple palestinien.<\/p>\n<p><strong>6 \u2013 R\u00e9pression des prisonniers de \u00ab\u00a0Nafha\u00a0\u00bb<\/strong><\/p>\n<p>Dans la nuit du 30 d\u00e9cembre, des unit\u00e9s sp\u00e9ciales \u00ab\u00a0isra\u00e9liennes\u00a0\u00bb ont investi la prison de \u00ab\u00a0Nafha\u00a0\u00bb dans le d\u00e9sert du Naqab. Les prisonniers ont refus\u00e9 la fouille nocturne qu\u2019elles envisageaient de mener et ont commenc\u00e9 \u00e0 cogner sur les portes aux cris de \u00ab\u00a0Allah Akbar\u00a0\u00bb.<\/p>\n<p>Les attaques nocturnes contre les prisonniers sont devenues de plus en plus fr\u00e9quentes, selon le minist\u00e8re palestinien charg\u00e9 des prisonniers.<\/p>\n<p><strong>7 \u2013 Solidarit\u00e9<\/strong><\/p>\n<p>Le mouvement du Jihad islamique en Palestine a organis\u00e9 le lundi 31 d\u00e9cembre une manifestation en mobylette dans les rues de Gaza, en soutien \u00e0 la lutte des prisonniers, en direction du si\u00e8ge du CICR. Cette manifestation n\u2019est qu\u2019une des mobilisations populaires organis\u00e9es par le mouvement du Jihad islamique et les autres formations de la r\u00e9sistance palestinienne dans la bande de Gaza.<\/p>\n<p>En Cisjordanie \u00e9galement, le mouvement et un de ses cadres dirigeants, sheikh Khodr Adnane, poursuivent la mobilisation populaire, consid\u00e9rant que les prisonniers palestiniens repr\u00e9sentent, aux c\u00f4t\u00e9s des martyrs et des bless\u00e9s, \u00ab\u00a0le prix pay\u00e9 par notre peuple pour sa lib\u00e9ration\u00a0\u00bb, comme l\u2019a r\u00e9cemment d\u00e9clar\u00e9 sheikh Nafez Azzam, membre du bureau politique du mouvement.<\/p>\n<p><strong>8 \u2013 Refus des m\u00e9dias sionistes<\/strong><\/p>\n<p>Le prisonnier dirigeant du Hamas, Abbas Sayyed, a refus\u00e9 de rencontrer des m\u00e9dias (journaux et t\u00e9l\u00e9vision) sionistes pour une interview, au cours des derniers jours de la derni\u00e8re guerre contre la r\u00e9sistance \u00e0 Gaza.<\/p>\n<p><strong>9 \u2013 Sheikh Khodr Adnane interdit de parole \u00e0 Qalqylia en Cisjordanie<\/strong><\/p>\n<p>Le minist\u00e8re charg\u00e9 des prisonniers d\u00e9pendant de l\u2019Autorit\u00e9 de Ramallah a interdit \u00e0 Sheikh Khodr Adnane de s\u2019exprimer, lors d\u2019un rassemblement de soutien aux prisonniers, alors qu\u2019il avait \u00e9t\u00e9 invit\u00e9 par les organisateurs, les familles des prisonniers. Par cette interdiction, l\u2019Autorit\u00e9 de Ramallah et son minist\u00e8re prouvent qu\u2019ils craignent l\u2019\u00e9largissement du mouvement populaire \u00ab\u00a0pour la dignit\u00e9 des prisonniers et des Palestiniens\u00a0\u00bb lanc\u00e9 par sheikh Adnane lors de sa gr\u00e8ve de la faim, il y a un an. Au moment o\u00f9 l\u2019occupation et ses ge\u00f4liers accentuent la r\u00e9pression dans les prisons, l\u2019Autorit\u00e9 palestinienne veut contr\u00f4ler le mouvement populaire et l\u2019emp\u00eacher de d\u00e9passer le cadre lui servant aux n\u00e9gociations.<\/p>\n<\/div>\n<div id=\"article-ligne-mediane\"><\/div>\n<div id=\"article-ps\">\n<address>Diffus\u00e9 par Baladi &#8211; janvier 2013<\/address>\n<address>source : http:\/\/www.info-palestine.net\/spip.php?article13059<\/address>\n<\/div>\n","protected":false},"excerpt":{"rendered":"<p>Soutenir la lutte des prisonniers palestiniens I &#8211; Abolir la d\u00e9tention \u00ab\u00a0administrative\u00a0\u00bb Ayman Sharawneh, Samer Issawi, Ja\u2019far Izzidine,Tareq Qa\u2019dan, Uday Kilani, Youssef Shaabane, sont des prisonniers \u00ab\u00a0administratifs\u00a0\u00bb, des Palestiniens arr\u00eat\u00e9s puis d\u00e9tenus arbitrairement, parce que l\u2019Etat de l\u2019occupation les a &hellip; <a href=\"https:\/\/contrelenfermement.noblogs.org\/?p=855\">Continuer la lecture <span class=\"meta-nav\">&rarr;<\/span><\/a><\/p>\n","protected":false},"author":5244,"featured_media":0,"comment_status":"open","ping_status":"open","sticky":false,"template":"","format":"standard","meta":{"footnotes":""},"categories":[68],"tags":[661,664,107,106,663,662],"class_list":["post-855","post","type-post","status-publish","format-standard","hentry","category-actualites-informations","tag-detention-administrative","tag-geole","tag-israel","tag-palestine","tag-sionisme","tag-sioniste"],"_links":{"self":[{"href":"https:\/\/contrelenfermement.noblogs.org\/index.php?rest_route=\/wp\/v2\/posts\/855","targetHints":{"allow":["GET"]}}],"collection":[{"href":"https:\/\/contrelenfermement.noblogs.org\/index.php?rest_route=\/wp\/v2\/posts"}],"about":[{"href":"https:\/\/contrelenfermement.noblogs.org\/index.php?rest_route=\/wp\/v2\/types\/post"}],"author":[{"embeddable":true,"href":"https:\/\/contrelenfermement.noblogs.org\/index.php?rest_route=\/wp\/v2\/users\/5244"}],"replies":[{"embeddable":true,"href":"https:\/\/contrelenfermement.noblogs.org\/index.php?rest_route=%2Fwp%2Fv2%2Fcomments&post=855"}],"version-history":[{"count":1,"href":"https:\/\/contrelenfermement.noblogs.org\/index.php?rest_route=\/wp\/v2\/posts\/855\/revisions"}],"predecessor-version":[{"id":856,"href":"https:\/\/contrelenfermement.noblogs.org\/index.php?rest_route=\/wp\/v2\/posts\/855\/revisions\/856"}],"wp:attachment":[{"href":"https:\/\/contrelenfermement.noblogs.org\/index.php?rest_route=%2Fwp%2Fv2%2Fmedia&parent=855"}],"wp:term":[{"taxonomy":"category","embeddable":true,"href":"https:\/\/contrelenfermement.noblogs.org\/index.php?rest_route=%2Fwp%2Fv2%2Fcategories&post=855"},{"taxonomy":"post_tag","embeddable":true,"href":"https:\/\/contrelenfermement.noblogs.org\/index.php?rest_route=%2Fwp%2Fv2%2Ftags&post=855"}],"curies":[{"name":"wp","href":"https:\/\/api.w.org\/{rel}","templated":true}]}}