{"id":86,"date":"2012-04-23T21:47:51","date_gmt":"2012-04-23T19:47:51","guid":{"rendered":"http:\/\/contrelenfermement.noblogs.org\/?p=86"},"modified":"2012-04-23T21:47:51","modified_gmt":"2012-04-23T19:47:51","slug":"le-groupe-enquete-prison-lance-un-appel-aux-temoignages-et-aux-opinions-sur-la-justice-francaise","status":"publish","type":"post","link":"https:\/\/contrelenfermement.noblogs.org\/?p=86","title":{"rendered":"Le Groupe Enqu\u00eate Prison lance un appel  aux t\u00e9moignages et aux opinions  sur la justice fran\u00e7aise"},"content":{"rendered":"<p align=\"JUSTIFY\">\u00a0<span style=\"font-family: Century,serif\">\u00c0 tous les prisonniers et prisonni\u00e8res,<\/span><\/p>\n<p align=\"JUSTIFY\"><span style=\"font-family: Century,serif\">Face \u00e0 l\u2019explosion du nombre d\u2019actions en justice contre l\u2019Etat pour protester contre les conditions d\u2019enfermement dans les prisons fran\u00e7aises, certains d\u00e9c\u00e8s survenus en d\u00e9tention ou le fonctionnement des tribunaux, le Groupe Enqu\u00eate Prison lance un appel pour mener une enqu\u00eate sur la perception du droit et de la justice. Cette enqu\u00eate doit \u00eatre r\u00e9alis\u00e9e par les premiers concern\u00e9s\u00a0: les prisonniers, hommes et femmes, pr\u00e9venus, accus\u00e9s, condamn\u00e9s ou d\u2019ores et d\u00e9j\u00e0 lib\u00e9r\u00e9s, qu\u2019ils aient choisi, face \u00e0 la machine judiciaire, d\u2019adopter la voie du droit, d\u2019autres modes d\u2019expression ou de se taire. <\/span><\/p>\n<p align=\"JUSTIFY\"><span style=\"font-family: Century,serif\"> Le Groupe Enqu\u00eate Prison, r\u00e9cemment cr\u00e9\u00e9, rassemble pour le moment quelques personnes qui s\u2019int\u00e9ressent aux probl\u00e9matiques carc\u00e9rales et judiciaires depuis plusieurs ann\u00e9es. Ouvert \u00e0 toutes et tous, il est ind\u00e9pendant et n\u2019entretient aucun lien avec des associations, des m\u00e9dias, l\u2019administration p\u00e9nitentiaire, l\u2019universit\u00e9 ou encore le gouvernement. Son objectif est de relayer les voix des prisonniers sur la justice et nous vous invitons dans ce but \u00e0 le rejoindre. <\/span><\/p>\n<p align=\"JUSTIFY\"><span style=\"font-family: Century,serif\">Le Groupe Enqu\u00eate Prison vous propose d\u2019\u00e9laborer ensemble une s\u00e9rie de questions destin\u00e9e \u00e0 \u00eatre envoy\u00e9e \u00e0 tous les prisonniers int\u00e9ress\u00e9s dans plusieurs \u00e9tablissements p\u00e9nitentiaires fran\u00e7ais. Par cet appel, le Groupe Enqu\u00eate Prison vous propose donc d\u2019\u00e9changer, dans les semaines et les mois qui viennent, sur les aspects de la justice et du droit qui vous semblent importants\u00a0: recours au droit, allongement des peines, quotidien carc\u00e9ral, acc\u00e8s aux soins en prison, possibilit\u00e9s de plaintes collectives et individuelles, proc\u00e8s, relations avec les avocats ou encore am\u00e9nagements de peine, etc. <\/span><\/p>\n<p align=\"JUSTIFY\">\u00a0<span style=\"font-family: Century,serif\">Lorsque ces \u00e9changes auront abouti \u00e0 la r\u00e9daction de ce questionnaire, il sera envoy\u00e9 \u00e0 tous nos correspondants afin de r\u00e9colter le plus grand nombre possible de t\u00e9moignages, opinions, conceptions et analyses sur le recours au droit.<\/span><\/p>\n<p align=\"JUSTIFY\"><span style=\"font-family: Century,serif\"> Nous attendons donc par courrier vos suggestions ainsi que vos premiers t\u00e9moignages. Nous r\u00e9pondrons le plus rapidement possible, dans la mesure de nos moyens, \u00e0 vos lettres, afin de constituer cette s\u00e9rie de questions dans les mois \u00e0 venir. Nous pourrons \u00e9galement, sur demande et selon les prisons, faire des parloirs avec ceux et celles qui le souhaitent. <\/span><\/p>\n<p align=\"JUSTIFY\">\u00a0<span style=\"font-family: Century,serif\">Cet appel est \u00e0 diffuser le plus largement possible.<\/span><\/p>\n<p align=\"CENTER\">\u00a0<span style=\"font-family: Century,serif\"><strong>Les r\u00e9ponses \u00e0 cet appel doivent \u00eatre envoy\u00e9es \u00e0 l\u2019adresse suivante :<\/strong><\/span><\/p>\n<p align=\"CENTER\"><span style=\"font-family: Century,serif\"><strong>Groupe Enqu\u00eate Prisons, Syllepse, 69, rue des Rigoles, 75020 Paris<\/strong><\/span><\/p>\n<p align=\"CENTER\"><span style=\"font-family: Century,serif\"><strong>Contact\u00a0: <span style=\"color: #0000ff\"><span style=\"text-decoration: underline\"><a href=\"mailto:geprison@riseup.net\">geprison@riseup.net<\/a><\/span><\/span><\/strong><\/span><\/p>\n<p align=\"CENTER\"><span style=\"font-family: Century,serif\"><strong>Tel\u00a0: 06 69 97 89 71<\/strong><\/span><\/p>\n","protected":false},"excerpt":{"rendered":"<p>\u00a0\u00c0 tous les prisonniers et prisonni\u00e8res, Face \u00e0 l\u2019explosion du nombre d\u2019actions en justice contre l\u2019Etat pour protester contre les conditions d\u2019enfermement dans les prisons fran\u00e7aises, certains d\u00e9c\u00e8s survenus en d\u00e9tention ou le fonctionnement des tribunaux, le Groupe Enqu\u00eate Prison &hellip; <a href=\"https:\/\/contrelenfermement.noblogs.org\/?p=86\">Continuer la lecture <span class=\"meta-nav\">&rarr;<\/span><\/a><\/p>\n","protected":false},"author":5244,"featured_media":0,"comment_status":"open","ping_status":"open","sticky":false,"template":"","format":"standard","meta":{"footnotes":""},"categories":[82],"tags":[15],"class_list":["post-86","post","type-post","status-publish","format-standard","hentry","category-groupe-enquete-prison","tag-prison"],"_links":{"self":[{"href":"https:\/\/contrelenfermement.noblogs.org\/index.php?rest_route=\/wp\/v2\/posts\/86","targetHints":{"allow":["GET"]}}],"collection":[{"href":"https:\/\/contrelenfermement.noblogs.org\/index.php?rest_route=\/wp\/v2\/posts"}],"about":[{"href":"https:\/\/contrelenfermement.noblogs.org\/index.php?rest_route=\/wp\/v2\/types\/post"}],"author":[{"embeddable":true,"href":"https:\/\/contrelenfermement.noblogs.org\/index.php?rest_route=\/wp\/v2\/users\/5244"}],"replies":[{"embeddable":true,"href":"https:\/\/contrelenfermement.noblogs.org\/index.php?rest_route=%2Fwp%2Fv2%2Fcomments&post=86"}],"version-history":[{"count":1,"href":"https:\/\/contrelenfermement.noblogs.org\/index.php?rest_route=\/wp\/v2\/posts\/86\/revisions"}],"predecessor-version":[{"id":87,"href":"https:\/\/contrelenfermement.noblogs.org\/index.php?rest_route=\/wp\/v2\/posts\/86\/revisions\/87"}],"wp:attachment":[{"href":"https:\/\/contrelenfermement.noblogs.org\/index.php?rest_route=%2Fwp%2Fv2%2Fmedia&parent=86"}],"wp:term":[{"taxonomy":"category","embeddable":true,"href":"https:\/\/contrelenfermement.noblogs.org\/index.php?rest_route=%2Fwp%2Fv2%2Fcategories&post=86"},{"taxonomy":"post_tag","embeddable":true,"href":"https:\/\/contrelenfermement.noblogs.org\/index.php?rest_route=%2Fwp%2Fv2%2Ftags&post=86"}],"curies":[{"name":"wp","href":"https:\/\/api.w.org\/{rel}","templated":true}]}}