{"id":863,"date":"2013-01-12T15:46:44","date_gmt":"2013-01-12T14:46:44","guid":{"rendered":"http:\/\/contrelenfermement.noblogs.org\/?p=863"},"modified":"2013-01-13T15:59:34","modified_gmt":"2013-01-13T14:59:34","slug":"strasbourg-un-syndicat-denonce-les-conditions-de-detention-a-la-prison-de-lelsau","status":"publish","type":"post","link":"https:\/\/contrelenfermement.noblogs.org\/?p=863","title":{"rendered":"Strasbourg : un syndicat d\u00e9nonce les conditions de d\u00e9tention \u00e0 la prison de l&rsquo;Elsau"},"content":{"rendered":"<p>Le secr\u00e9tariat local UFAP-Unsa de la Maison d&rsquo;Arr\u00eat de Strasbourg\u00a0 a fait parvenir un document, mettant en \u00e9vidence les difficult\u00e9s des surveillants \u00e0 assurer leur mission quotidienne<\/p>\n<p>Ce matin, la Maison d&rsquo;Arr\u00eat avait un effectif pr\u00e9sent de 788 d\u00e9tenus.\u00a0A 15 h 00, il y avait 789 d\u00e9tenus.\u00a0La capacit\u00e9 th\u00e9orique de la Maison d&rsquo;Arr\u00eat de Strasbourg est de 444 places.\u00a0La maison d&rsquo;arr\u00eat affiche donc un taux d&rsquo;occupation de 177%.\u00a0Certains d\u00e9tenus se retrouvent \u00e0 6 par cellules alors qu&rsquo;elles sont initialement pr\u00e9vues pour 2 personnes.<br \/>\nIl reste moins d&rsquo;une dizaine de lits libres dans les cellules. Les\u00a0prochains d\u00e9tenus qui vont arriver \u00e0 la maison d&rsquo;arr\u00eat dormiront par\u00a0terre. Cette ann\u00e9e, au mois de septembre, la maison d&rsquo;arr\u00eat c\u00e9l\u00e9brera ses 25 ans<\/p>\n<p><strong>Plusieurs litres d&rsquo;alcool parachut\u00e9s<\/strong><\/p>\n<p>Le pr\u00e9c\u00e9dent <strong>\u00ab\u00a0record\u00a0\u00bb<\/strong> \u00e9tait de 782 d\u00e9tenus, il y a 4 ans.\u00a0Les d\u00e9tenus ne peuvent plus changer de cellules aussi souvent qu&rsquo;ils\u00a0le veulent, ce qui cr\u00e9e des tensions, des bagarres, du racket. Ainsi, entre No\u00ebl et Nouvel An, plusieurs litres d&rsquo;alcool ont \u00e9t\u00e9\u00a0<strong>\u00ab\u00a0parachut\u00e9s\u00a0\u00bb<\/strong> depuis l\u2019ext\u00e9rieur, dans des bouteilles plastiques.<br \/>\nLe personnel en a r\u00e9cup\u00e9r\u00e9 12 de 33 cl, capt\u00e9es dans\u00a0les filets anti-projection. Les autres bouteilles ont fini leur course sur les cours de promenades et l&rsquo;alcool a \u00e9t\u00e9 consomm\u00e9 sur place.<br \/>\nPlusieurs t\u00e9l\u00e9phones portables, ainsi que plusieurs centaines de\u00a0grammes de produits stup\u00e9fiants ont aussi \u00e9t\u00e9 retrouv\u00e9s sur plusieurs<br \/>\nd\u00e9tenus.\u00a0L&rsquo;administration \u00e0 mis en place, depuis plusieurs mois, diff\u00e9rentes\u00a0mesures en faveur de la population p\u00e9nale, comme les cantines subventionn\u00e9es : l&rsquo;administration revend \u00e0 perte\u00a0environ 200 produits (du pot de Nutella \u00e0 la bouteille de soda, en\u00a0passant par de la confiture, du riz&#8230; Cette revente \u00e0 perte a\u00a0occasionn\u00e9 un d\u00e9ficit de plus de 10 000 euros par mois.<\/p>\n<ul>\n<li>l&rsquo;administration paie un abonnement \u00e0 une cha\u00eene crypt\u00e9e pour un\u00a0co\u00fbt de 3.400 euros par mois.<\/li>\n<li>l&rsquo;administration loue les t\u00e9l\u00e9viseurs \u00e0 8 euros et offre la\u00a0location aux d\u00e9tenus indigents (le prix est d&rsquo;environ 50 euros pour un\u00a0mois \u00e0 l&rsquo;h\u00f4pital)<\/li>\n<li>Chaque d\u00e9tenu qui arrive re\u00e7oit automatiquement 7 euros pour\u00a0acheter les produits en cantine. S&rsquo;il ne re\u00e7oit pas d&rsquo;argent dans le\u00a0mois, l&rsquo;administration lui redonne 13 euros et 20 euros chaque mois.<\/li>\n<li>Chaque condamn\u00e9 qui arrive re\u00e7oit un euro pour t\u00e9l\u00e9phoner \u00e0 ces proches.<\/li>\n<\/ul>\n<p><strong>220 surveillants<\/strong><\/p>\n<p>Toutes ces d\u00e9penses se font sur le budget de fonctionnement de\u00a0l&rsquo;\u00e9tablissement, au d\u00e9triment de la s\u00e9curit\u00e9 et de la maintenance.\u00a0Il y a plus de 200 extincteurs qui ont d\u00e9pass\u00e9 leurs dur\u00e9es de vie\u00a0et auraient du \u00eatre chang\u00e9 en 2012, ce qui n&rsquo;a toujours pas \u00e9t\u00e9 fait.\u00a0Le syst\u00e8me vid\u00e9o n&rsquo;est plus op\u00e9rationnel depuis des ann\u00e9es. Des\u00a0courriers ont \u00e9t\u00e9 adress\u00e9s au Pr\u00e9fet, ainsi qu&rsquo;aux \u00e9lus, sans\u00a0r\u00e9sultats. Lors du lynchage d&rsquo;un d\u00e9tenu au mois de septembre, par plus\u00a0d&rsquo;une dizaine de d\u00e9tenus, sur une des cours de promenades, aucune\u00a0vid\u00e9o n&rsquo;a pu \u00eatre transmise aux enqu\u00eateurs. Il devrait y avoir 226 surveillants d&rsquo;affect\u00e9s \u00e0 la Maison d&rsquo;Arr\u00eat\u00a0de Strasbourg, pour 444 places.\u00a0Avec 789 d\u00e9tenus, il y a actuellement moins de 220 personnels affect\u00e9s \u00e0 l&rsquo;\u00e9tablissement.<\/p>\n<div id=\"text-sizes\"><\/div>\n","protected":false},"excerpt":{"rendered":"<p>Le secr\u00e9tariat local UFAP-Unsa de la Maison d&rsquo;Arr\u00eat de Strasbourg\u00a0 a fait parvenir un document, mettant en \u00e9vidence les difficult\u00e9s des surveillants \u00e0 assurer leur mission quotidienne Ce matin, la Maison d&rsquo;Arr\u00eat avait un effectif pr\u00e9sent de 788 d\u00e9tenus.\u00a0A 15 &hellip; <a href=\"https:\/\/contrelenfermement.noblogs.org\/?p=863\">Continuer la lecture <span class=\"meta-nav\">&rarr;<\/span><\/a><\/p>\n","protected":false},"author":5244,"featured_media":0,"comment_status":"open","ping_status":"open","sticky":false,"template":"","format":"standard","meta":{"footnotes":""},"categories":[68],"tags":[670,671],"class_list":["post-863","post","type-post","status-publish","format-standard","hentry","category-actualites-informations","tag-elsau","tag-strasbourg"],"_links":{"self":[{"href":"https:\/\/contrelenfermement.noblogs.org\/index.php?rest_route=\/wp\/v2\/posts\/863","targetHints":{"allow":["GET"]}}],"collection":[{"href":"https:\/\/contrelenfermement.noblogs.org\/index.php?rest_route=\/wp\/v2\/posts"}],"about":[{"href":"https:\/\/contrelenfermement.noblogs.org\/index.php?rest_route=\/wp\/v2\/types\/post"}],"author":[{"embeddable":true,"href":"https:\/\/contrelenfermement.noblogs.org\/index.php?rest_route=\/wp\/v2\/users\/5244"}],"replies":[{"embeddable":true,"href":"https:\/\/contrelenfermement.noblogs.org\/index.php?rest_route=%2Fwp%2Fv2%2Fcomments&post=863"}],"version-history":[{"count":2,"href":"https:\/\/contrelenfermement.noblogs.org\/index.php?rest_route=\/wp\/v2\/posts\/863\/revisions"}],"predecessor-version":[{"id":865,"href":"https:\/\/contrelenfermement.noblogs.org\/index.php?rest_route=\/wp\/v2\/posts\/863\/revisions\/865"}],"wp:attachment":[{"href":"https:\/\/contrelenfermement.noblogs.org\/index.php?rest_route=%2Fwp%2Fv2%2Fmedia&parent=863"}],"wp:term":[{"taxonomy":"category","embeddable":true,"href":"https:\/\/contrelenfermement.noblogs.org\/index.php?rest_route=%2Fwp%2Fv2%2Fcategories&post=863"},{"taxonomy":"post_tag","embeddable":true,"href":"https:\/\/contrelenfermement.noblogs.org\/index.php?rest_route=%2Fwp%2Fv2%2Ftags&post=863"}],"curies":[{"name":"wp","href":"https:\/\/api.w.org\/{rel}","templated":true}]}}