{"id":90,"date":"2012-04-25T17:35:39","date_gmt":"2012-04-25T15:35:39","guid":{"rendered":"http:\/\/contrelenfermement.noblogs.org\/?p=90"},"modified":"2012-04-25T17:41:33","modified_gmt":"2012-04-25T15:41:33","slug":"temoignage-dune-personne-detenue-du-5-mars-2012","status":"publish","type":"post","link":"https:\/\/contrelenfermement.noblogs.org\/?p=90","title":{"rendered":"T\u00e9moignage du 5 mars 2012 d&rsquo;une personne d\u00e9tenue en maison d&rsquo;arr\u00eat (G.E.P.)"},"content":{"rendered":"<p align=\"JUSTIFY\">Nos peines sont g\u00e9n\u00e9ralement subordonn\u00e9es au mutisme ou rel\u00e8vent de lieux communs, terrain d&rsquo;enlisement d&rsquo;\u00e2mes chaleureuses, d&rsquo;essence parlementaire ou autres corps officiels, s\u2019apitoyant sur le sort des r\u00e9prouv\u00e9s au gr\u00e9 des opportunit\u00e9s carc\u00e9rales.<\/p>\n<p align=\"JUSTIFY\">Dans le contexte actuel de suremprisonnement et dans une logique \u00e9conomique, la population enferm\u00e9e est assimil\u00e9e \u00e0 une mati\u00e8re premi\u00e8re, \u00e0 un capital \u00e0 int\u00e9r\u00eat administratif. Ainsi que l&rsquo;avait sugg\u00e9r\u00e9 Foucault, l&rsquo;homo economicus intra muros est bien r\u00e9el tant nous sommes le fonds de commerce des instances r\u00e9pressives.<\/p>\n<p align=\"JUSTIFY\">Si fermer une entreprise revient \u00e0 inaugurer une prison, le mat\u00e9riel humain sera bient\u00f4t un stock ordinaire. Qui plus est, l&rsquo;am\u00e9lioration de la condition carc\u00e9rale n&rsquo;est qu&rsquo;un leurre car l&rsquo;octroi d&rsquo;un pseudo-confort physique corr\u00e9l\u00e9 \u00e0 la cr\u00e9ation de nouveaux \u00e9tablissements s&rsquo;accompagne invariablement d&rsquo;un surcro\u00eet coercitif \u00e9tay\u00e9 de diktats aux relents \u00e9tats-uniens. A n&rsquo;en pas douter, l&rsquo;\u00e8re des supermax r\u00e9publicains est en marche&#8230;<\/p>\n<p align=\"JUSTIFY\"><span style=\"text-decoration: underline\">Le travail p\u00e9nal<\/span><\/p>\n<p align=\"JUSTIFY\">Il rel\u00e8ve surtout de t\u00e2ches ingrates, sous-pay\u00e9es. Il y a incontestablement une exploitation des personnes concern\u00e9es. Cette main d\u2019\u0153uvre bon march\u00e9 est en permanence spoli\u00e9e, la p\u00e9nibilit\u00e9 n&rsquo;\u00e9tant pas un crit\u00e8re retenu au sein des murs. L&rsquo;enferm\u00e9 ne peut se recommander d&rsquo;aucun droit, faisant illico les frais de toute contestation, voire revendication l\u00e9gitime. Il en va alors d&rsquo;un d\u00e9classement et d&rsquo;une mise \u00e0 l&rsquo;index, portant sur la suite (diminution des r\u00e9ductions de peine suppl\u00e9mentaires de l&rsquo;ann\u00e9e \u00e0 venir vu le rapport de l&rsquo;administration).<\/p>\n<p align=\"JUSTIFY\"><span style=\"text-decoration: underline\">Les formations professionnelles<\/span><\/p>\n<p align=\"JUSTIFY\">J&rsquo;en ai suivi plusieurs (bureautique, t\u00e9l\u00e9conseiller), je n&rsquo;ai entrevu aucune perspective associ\u00e9e \u00e0 celles-ci malgr\u00e9 leur nature qualifiante ou dipl\u00f4mante. Elles ne sont qu&rsquo;une composante de l&rsquo;alibi p\u00e9nitentiaire en mati\u00e8re r\u00e9adaptative. Elles sous-tendent les effets d&rsquo;annonce, partie de la vitrine p\u00e9nitentiaire destin\u00e9e \u00e0 gruger ceux qui visitent les lieux ou s&rsquo;interrogent quant \u00e0 la r\u00e9insertion.<\/p>\n<p align=\"JUSTIFY\"><span style=\"text-decoration: underline\">Les \u00e9tudes<\/span><\/p>\n<p align=\"JUSTIFY\">Le ma\u00eetre mot est la volont\u00e9, le d\u00e9sir d&rsquo;aboutir. Rares sont les soutiens internes. Il faut le plus souvent solliciter l&rsquo;appui d&rsquo;organismes ext\u00e9rieurs tels AUXILIA ou le GENEPI (lorsqu&rsquo;il a acc\u00e8s \u00e0 l&rsquo;\u00e9tablissement). Dans la cas contraire, la jach\u00e8re intellectuelle est omnipr\u00e9sente. En ce domaine, rien n&rsquo;est fait pour assister ou favoriser les initiatives personnelles. En 2001, je poss\u00e9dais le BEPC en tout et pour tout. Je me suis consacr\u00e9 aux \u00e9tudes afin d&rsquo;\u00e9voluer et de donner un sens \u00e0 la peine, tout en travaillant sur moi-m\u00eame afin d&rsquo;\u00e9claircir les zones d&rsquo;ombre, envisager les \u00e9tudes telles une th\u00e9rapie. J&rsquo;ai constat\u00e9 au fil du temps que la progression scolaire et \u00e9tudiante devenait d\u00e9rangeante au fil des d\u00e9marches d&rsquo;inscription et de certains imp\u00e9ratifs corr\u00e9l\u00e9s. Globalement, les responsables locaux d&rsquo;enseignement sont r\u00e9fractaires \u00e0 assister les cas atypiques, frileux de s&rsquo;engager professionnellement ou d\u00e9pass\u00e9s par la nature des sollicitations. [\u2026] Je navigue donc en solitaire. Ceci pour vous confirmer que la friche intellectuelle est une valeur m\u00eame de l&rsquo;enfermement.<\/p>\n<p align=\"JUSTIFY\"><span style=\"text-decoration: underline\"><strong>Les services annexes<\/strong><\/span><\/p>\n<p align=\"JUSTIFY\">\u00a0<span style=\"text-decoration: underline\">Le service p\u00e9nitentiaire d&rsquo;insertion et de probation<\/span><\/p>\n<p align=\"JUSTIFY\">Ce service n&rsquo;a de social que le nom tant l&rsquo;esprit inquisiteur et le z\u00e8le dont il fait montre lors d&rsquo;une demande de permission de sortir ou d&rsquo;am\u00e9nagement de peine. Ce sont les flics de demain, \u00e0 la solde de l&rsquo;application des peines, des b\u00e9ni-oui-oui qui op\u00e8rent rarement dans le sens du d\u00e9tenu et complexifient d&rsquo;autant sa situation. L&rsquo;adjonction du qualificatif \u00ab\u00a0p\u00e9nitentiaire\u00a0\u00bb \u00e0 leur d\u00e9nomination est r\u00e9v\u00e9lateur du mim\u00e9tisme op\u00e9r\u00e9.<\/p>\n<p align=\"JUSTIFY\"><span style=\"text-decoration: underline\">Le service m\u00e9dical<\/span><\/p>\n<p align=\"JUSTIFY\">Une pi\u00e8tre qualit\u00e9 de soins et de nombreux diagnostics approximatifs. Sa principale comp\u00e9tence r\u00e9side en la d\u00e9livrance de traitements (antid\u00e9presseurs, anxiolytiques, etc) afin de r\u00e9guler la d\u00e9tention et d&rsquo;anesth\u00e9sier la population carc\u00e9rale. L&rsquo;addiction m\u00e9dicamenteuse de certains est cons\u00e9quente, d\u00e8s lors le trafic se d\u00e9veloppe au sein des murs.<\/p>\n<p align=\"JUSTIFY\"><span style=\"text-decoration: underline\">L&rsquo;expertise psychologique<\/span><\/p>\n<p align=\"JUSTIFY\">Facteur incontournable de la peine tant en d\u00e9tention pr\u00e9ventive qu&rsquo;en situation de condamn\u00e9 d\u00e9finitif. Qu&rsquo;il en soit d&rsquo;experts mandat\u00e9s par la magistrature (lors de l&rsquo;information ou nomm\u00e9s par le JAP) ou dispensant intra muros, ils sont devenus la b\u00e9quille du monde judiciaire. Leur avis est si pr\u00e9pond\u00e9rant que ces conseillers en punition d\u00e9terminent notre avenir par leurs conclusions, aussi h\u00e2tives que sp\u00e9cieuses, car est-ce l\u00e0 une science ou une simple th\u00e9orie sp\u00e9culative\u00a0? Que la moindre permission de sortir soit subordonn\u00e9e \u00e0 leur avis refl\u00e8te parfaitement l&rsquo;\u00e9tat d&rsquo;esprit du moment, \u00e0 savoir que la grande majorit\u00e9 des cas enferm\u00e9s constitue en l&rsquo;\u00e9tat le laboratoire exp\u00e9rimental de l&rsquo;instance juridico-p\u00e9nitentiaire. \u00catre r\u00e9fractaire \u00e0 ce caract\u00e8re impos\u00e9 revient \u00e0 renoncer \u00e0 toute perspective d&rsquo;assouplissement et par cons\u00e9quent \u00e0 toute cl\u00e9mence de l&rsquo;appareil judiciaire. S&rsquo;en excentrer, c&rsquo;est mettre d&rsquo;autant en p\u00e9ril les remises de peine octroy\u00e9es (amputation progressive ou finale). Dois-je pourtant rappeler la validit\u00e9 des expertises de femme de m\u00e9nage cit\u00e9e \u00e0 la barre du proc\u00e8s d&rsquo;Outreau en 2007 par l&rsquo;un d&rsquo;entre eux\u00a0?<\/p>\n<p align=\"JUSTIFY\"><span style=\"text-decoration: underline\">Les am\u00e9nagements de peine<\/span><\/p>\n<p align=\"JUSTIFY\">Ils sont devenus portion congrue au fil des ans. La lutte contre la r\u00e9cidive et la sensibilit\u00e9 politique du moment ont eu raison des facult\u00e9s d&rsquo;\u00e9largissement et force est d&rsquo;admettre que les sorties \u00ab\u00a0s\u00e8ches\u00a0\u00bb sont de plus en plus nombreuses. Le comportement timor\u00e9, quasi-g\u00e9n\u00e9ral, des magistrats en poste fait que les lib\u00e9rations conditionnelles rel\u00e8vent plus de l&rsquo;aum\u00f4ne judiciaire que de la confiance octroy\u00e9e. Ces mesures sont g\u00e9n\u00e9ralement consenties en fin de peine, \u00e0 quelques mois de la lib\u00e9ration \u00e0 dessein de conforter les statistiques et de m\u00e9nager la valeur professionnelle de chacun. Les longues peines sont log\u00e9es \u00e0 la m\u00eame enseigne et nul n&rsquo;est dupe \u00e0 cet effet. \u00c0 savoir que la frilosit\u00e9 des uns conduit \u00e0 la mendicit\u00e9 des autres quoique certains ach\u00e8vent le parcours \u00e0 terme, avec l&rsquo;amertume de la spoliation, ce qui induit d&rsquo;autant une facult\u00e9 potentielle de r\u00e9cidive. A l&rsquo;heure actuelle, ce sont les permissions de sortir qui ont pris l&rsquo;ascendant sur les mesures de lib\u00e9ration conditionnelle, sachant que faire la navette entre ces deux milieux ne saurait \u00eatre une solution durable.<\/p>\n<p align=\"JUSTIFY\"><span style=\"text-decoration: underline\">La facult\u00e9 de plaintes collectives ou individuelles<\/span><\/p>\n<p align=\"JUSTIFY\">S&rsquo;opposer \u00e0 cette institution, c&rsquo;est prendre des risques. [\u2026] Dans cet univers opaque, d\u00e9voiler, c&rsquo;est se placer en d\u00e9s\u00e9quilibre et envisager la r\u00e9plique.<\/p>\n<p align=\"JUSTIFY\"><span style=\"text-decoration: underline\">Le pr\u00e9toire, les quartiers disciplinaires et d&rsquo;isolement<\/span><\/p>\n<p align=\"JUSTIFY\">Il existe actuellement un petit Guantanamo dans chaque \u00e9tablissement, l\u00e0 ou de nombreuses exactions sont perp\u00e9tr\u00e9es, certains z\u00e9lateurs venant y assouvir leurs pulsions, ce qui en fait des tortionnaires, au gr\u00e9 de leur mal-\u00eatre et de leur amertume sociale. Avant, rien ou si peu ne filtrait, le huis clos des murs conc\u00e9dant une quasi-impunit\u00e9 \u00e0 la soldatesque administrative. Je soulignerai par l\u00e0 m\u00eame la c\u00e9cit\u00e9 opportune des services parall\u00e8les (en exemple, un m\u00e9decin refusant d&rsquo;\u00e9tablir un certificat au regard d&rsquo;h\u00e9matomes constat\u00e9s) qui, par pusillanimit\u00e9 ou imp\u00e9ratif alimentaire, entretiennent cette d\u00e9ficience, cautionnant par l\u00e0 m\u00eame ce qui s&rsquo;y d\u00e9roule. N&rsquo;est pire aveugle que celui qui ne veut voir. Quant au pr\u00e9toire, ce n&rsquo;est qu&rsquo;un lieu d&rsquo;autosatisfaction perverse d&rsquo;une direction en mal de jugement, permettant de compenser la frustration corr\u00e9l\u00e9e \u00e0 l&rsquo;unique surveillance du cheptel. A noter que la pr\u00e9sence de l&rsquo;avocat est le plus souvent d&rsquo;ordre symbolique tant ce micro-pouvoir se targue de poss\u00e9der un droit annexe, appliquant une infra-p\u00e9nalit\u00e9.<\/p>\n<p align=\"JUSTIFY\"><span style=\"text-decoration: underline\">Les avocats, les jugements, les longues peines\u00a0: <\/span><\/p>\n<ul>\n<li>\n<p align=\"JUSTIFY\">La parano\u00efa s\u00e9curitaire, socialement entretenue, n&rsquo;a fait qu&rsquo;accentuer la longueur des peines (en exemple les peines \u00ab\u00a0plancher\u00a0\u00bb). Ce n&rsquo;est nullement dissuasif et la r\u00e9cidive augmente en cons\u00e9quence.<\/p>\n<\/li>\n<li>\n<p align=\"JUSTIFY\">La dur\u00e9e de la d\u00e9tention pr\u00e9ventive est inacceptable. La notion de \u00ab\u00a0dur\u00e9e raisonnable\u00a0\u00bb qui s&rsquo;y rattache n&rsquo;est qu&rsquo;un principe sans effet tant la justice fran\u00e7aise est r\u00e9guli\u00e8rement condamn\u00e9e \u00e0 ce titre par les instances europ\u00e9ennes. J&rsquo;ai \u00ab\u00a0patient\u00e9\u00a0\u00bb presque huit ans avant de compara\u00eetre aux Assises.<\/p>\n<\/li>\n<li>\n<p align=\"JUSTIFY\">Concernant les avocats, ils ont un r\u00f4le et une capacit\u00e9 d&rsquo;action limit\u00e9s. Quant aux convictions dont ils rel\u00e8vent, je pense que l&rsquo;on est plus dans l&rsquo;obligation de moyens que dans celle de r\u00e9sultat, \u00e0 savoir qu&rsquo;ils sont majoritairement attach\u00e9s \u00e0 leur \u00ab\u00a0fonds de commerce\u00a0\u00bb, c&rsquo;est-\u00e0-dire \u00e0 leur Barreau et n&rsquo;entacheront gu\u00e8re leur plan de carri\u00e8re compte tenu d&rsquo;exigences diverses \u00e9manant de clients singuliers (en exemple, entreprendre tel acte qui pourrait indisposer magistrat et Parquet). On demeure dans le professionnellement correct, dissimulant la frilosit\u00e9 ou l&rsquo;int\u00e9r\u00eat premier sous un vernis d\u00e9ontologique, \u00e9thique.<\/p>\n<\/li>\n<\/ul>\n<p align=\"JUSTIFY\">Pour r\u00e9sumer, je dirai que l&rsquo;humanisation des prisons \u00e9quivaut \u00e0 l&rsquo;humanisation des cimeti\u00e8res, il suffit de constater le taux annuel de suicides pour savoir que le malaise est pr\u00e9gnant.<\/p>\n","protected":false},"excerpt":{"rendered":"<p>Nos peines sont g\u00e9n\u00e9ralement subordonn\u00e9es au mutisme ou rel\u00e8vent de lieux communs, terrain d&rsquo;enlisement d&rsquo;\u00e2mes chaleureuses, d&rsquo;essence parlementaire ou autres corps officiels, s\u2019apitoyant sur le sort des r\u00e9prouv\u00e9s au gr\u00e9 des opportunit\u00e9s carc\u00e9rales. Dans le contexte actuel de suremprisonnement et &hellip; <a href=\"https:\/\/contrelenfermement.noblogs.org\/?p=90\">Continuer la lecture <span class=\"meta-nav\">&rarr;<\/span><\/a><\/p>\n","protected":false},"author":5244,"featured_media":0,"comment_status":"open","ping_status":"open","sticky":false,"template":"","format":"standard","meta":{"footnotes":""},"categories":[82,3,13],"tags":[19,61,44,40,15,17,23,16],"class_list":["post-90","post","type-post","status-publish","format-standard","hentry","category-groupe-enquete-prison","category-prisons","category-temoignages","tag-capitalisme","tag-condition","tag-maton","tag-mitard","tag-prison","tag-suicide","tag-temoignages-2","tag-violence"],"_links":{"self":[{"href":"https:\/\/contrelenfermement.noblogs.org\/index.php?rest_route=\/wp\/v2\/posts\/90","targetHints":{"allow":["GET"]}}],"collection":[{"href":"https:\/\/contrelenfermement.noblogs.org\/index.php?rest_route=\/wp\/v2\/posts"}],"about":[{"href":"https:\/\/contrelenfermement.noblogs.org\/index.php?rest_route=\/wp\/v2\/types\/post"}],"author":[{"embeddable":true,"href":"https:\/\/contrelenfermement.noblogs.org\/index.php?rest_route=\/wp\/v2\/users\/5244"}],"replies":[{"embeddable":true,"href":"https:\/\/contrelenfermement.noblogs.org\/index.php?rest_route=%2Fwp%2Fv2%2Fcomments&post=90"}],"version-history":[{"count":4,"href":"https:\/\/contrelenfermement.noblogs.org\/index.php?rest_route=\/wp\/v2\/posts\/90\/revisions"}],"predecessor-version":[{"id":92,"href":"https:\/\/contrelenfermement.noblogs.org\/index.php?rest_route=\/wp\/v2\/posts\/90\/revisions\/92"}],"wp:attachment":[{"href":"https:\/\/contrelenfermement.noblogs.org\/index.php?rest_route=%2Fwp%2Fv2%2Fmedia&parent=90"}],"wp:term":[{"taxonomy":"category","embeddable":true,"href":"https:\/\/contrelenfermement.noblogs.org\/index.php?rest_route=%2Fwp%2Fv2%2Fcategories&post=90"},{"taxonomy":"post_tag","embeddable":true,"href":"https:\/\/contrelenfermement.noblogs.org\/index.php?rest_route=%2Fwp%2Fv2%2Ftags&post=90"}],"curies":[{"name":"wp","href":"https:\/\/api.w.org\/{rel}","templated":true}]}}