{"id":907,"date":"2013-02-06T16:22:57","date_gmt":"2013-02-06T15:22:57","guid":{"rendered":"http:\/\/contrelenfermement.noblogs.org\/?p=907"},"modified":"2013-02-06T16:22:57","modified_gmt":"2013-02-06T15:22:57","slug":"personne-detenu-en-greve-de-la-faim-a-la-m-a-de-angers","status":"publish","type":"post","link":"https:\/\/contrelenfermement.noblogs.org\/?p=907","title":{"rendered":"Personne detenu en gr\u00e8ve de la faim \u00e0 la M.A de Angers"},"content":{"rendered":"<p>\u00c0 la date du 5 f\u00e9vrier \u00e0 16h, un d\u00e9tenu de la maison d&rsquo;arr\u00eat d&rsquo;Angers est en<strong> gr\u00e8ve de la faim depuis 28 jours.<\/strong><\/p>\n<p>Jusqu&rsquo;\u00e0 aujourd\u2019hui, il semble que ni l&rsquo;administration p\u00e9nitentiaire ni la justice ne soient r\u00e9actives \u00e0 cet acte de lutte tr\u00e8s fort. Cette gr\u00e8ve de la faim n&rsquo;est pas la premi\u00e8re au sein de la maison d&rsquo;arr\u00eat angevine. Un autre d\u00e9tenu avait commenc\u00e9 une gr\u00e8ve de la faim il y a plusieurs semaines, qu&rsquo;il avait arr\u00eat\u00e9 le lendemain suite \u00e0 des promesses orales de l&rsquo;administration p\u00e9nitentiaire. Ces promesses n&rsquo;ont pas \u00e9t\u00e9 tenues.<br \/>\n<strong>Aujourd&rsquo;hui, le d\u00e9tenu en lutte proteste pour avoir acc\u00e8s \u00e0 ses droits (il ne demande que l\u2019acc\u00e8s \u00e0 une pi\u00e8ce de son dossier) et contre \u00ab la justice qui se prend les pieds dans le tapis \u00bb.<\/strong><\/p>\n<p><strong>Si l&rsquo;administration p\u00e9nitentiaire, et la justice veulent faire la sourde oreille, il faut lever le ton pour se faire entendre. Que faut-il de plus \u00e0 l&rsquo;appareil carc\u00e9ral pour qu&rsquo;un d\u00e9tenu se fasse entendre ? Faites circuler l&rsquo;info pour ne pas laisser sous silence les r\u00e9sistances des d\u00e9tenus ! <\/strong><\/p>\n<p><strong>Vous voulez plus de renseignement ? <\/strong><\/p>\n<p><strong>Visitez la page <a href=\"https:\/\/www.facebook.com\/AideAuxFamillesDeDetenues\" target=\"_blank\">https:\/\/www.facebook.com\/AideAuxFamillesDeDetenues<\/a><\/strong><\/p>\n","protected":false},"excerpt":{"rendered":"<p>\u00c0 la date du 5 f\u00e9vrier \u00e0 16h, un d\u00e9tenu de la maison d&rsquo;arr\u00eat d&rsquo;Angers est en gr\u00e8ve de la faim depuis 28 jours. Jusqu&rsquo;\u00e0 aujourd\u2019hui, il semble que ni l&rsquo;administration p\u00e9nitentiaire ni la justice ne soient r\u00e9actives \u00e0 cet &hellip; <a href=\"https:\/\/contrelenfermement.noblogs.org\/?p=907\">Continuer la lecture <span class=\"meta-nav\">&rarr;<\/span><\/a><\/p>\n","protected":false},"author":5244,"featured_media":0,"comment_status":"open","ping_status":"open","sticky":false,"template":"","format":"standard","meta":{"footnotes":""},"categories":[68,204],"tags":[680,716,592,681,299,18,476,369,717],"class_list":["post-907","post","type-post","status-publish","format-standard","hentry","category-actualites-informations","category-appel-a-soutien","tag-angers","tag-dossier","tag-droits","tag-faim","tag-greve","tag-justice","tag-lutte","tag-m-a","tag-protestation"],"_links":{"self":[{"href":"https:\/\/contrelenfermement.noblogs.org\/index.php?rest_route=\/wp\/v2\/posts\/907","targetHints":{"allow":["GET"]}}],"collection":[{"href":"https:\/\/contrelenfermement.noblogs.org\/index.php?rest_route=\/wp\/v2\/posts"}],"about":[{"href":"https:\/\/contrelenfermement.noblogs.org\/index.php?rest_route=\/wp\/v2\/types\/post"}],"author":[{"embeddable":true,"href":"https:\/\/contrelenfermement.noblogs.org\/index.php?rest_route=\/wp\/v2\/users\/5244"}],"replies":[{"embeddable":true,"href":"https:\/\/contrelenfermement.noblogs.org\/index.php?rest_route=%2Fwp%2Fv2%2Fcomments&post=907"}],"version-history":[{"count":1,"href":"https:\/\/contrelenfermement.noblogs.org\/index.php?rest_route=\/wp\/v2\/posts\/907\/revisions"}],"predecessor-version":[{"id":908,"href":"https:\/\/contrelenfermement.noblogs.org\/index.php?rest_route=\/wp\/v2\/posts\/907\/revisions\/908"}],"wp:attachment":[{"href":"https:\/\/contrelenfermement.noblogs.org\/index.php?rest_route=%2Fwp%2Fv2%2Fmedia&parent=907"}],"wp:term":[{"taxonomy":"category","embeddable":true,"href":"https:\/\/contrelenfermement.noblogs.org\/index.php?rest_route=%2Fwp%2Fv2%2Fcategories&post=907"},{"taxonomy":"post_tag","embeddable":true,"href":"https:\/\/contrelenfermement.noblogs.org\/index.php?rest_route=%2Fwp%2Fv2%2Ftags&post=907"}],"curies":[{"name":"wp","href":"https:\/\/api.w.org\/{rel}","templated":true}]}}