{"id":973,"date":"2013-03-11T03:05:43","date_gmt":"2013-03-11T02:05:43","guid":{"rendered":"http:\/\/contrelenfermement.noblogs.org\/?p=973"},"modified":"2013-03-11T03:14:13","modified_gmt":"2013-03-11T02:14:13","slug":"troisieme-suicide-en-cinq-semaines-a-la-prison-de-fleury","status":"publish","type":"post","link":"https:\/\/contrelenfermement.noblogs.org\/?p=973","title":{"rendered":"Troisi\u00e8me suicide en cinq semaines \u00e0 la prison de Fleury"},"content":{"rendered":"<div>\n<p style=\"text-align: left\">Mercredi 30 janvier, mardi 26 f\u00e9vrier et d\u00e9sormais mardi 5 mars. Un troisi\u00e8me d\u00e9tenu se serait \u00ab\u00a0<a href=\"http:\/\/actualites.leparisien.fr\/suicide.html\">suicid\u00e9\u00a0\u00bb<\/a> \u00e0 la prison de Fleury-M\u00e9rogis cette semaine. La personne se serait pendu, comme son homologue fin f\u00e9vrier au sein du quartier disciplinaire de la maison d\u2019arr\u00eat, au b\u00e2timent D2. Celon les sources*, il venait tout juste de sortir du service psychiatrique (b\u00e2timent D4), qui g\u00e8re les prisonniers suicidaires ou atteints de troubles graves du comportement.<\/p>\n<\/div>\n<div id=\"pubComplementsArt\" style=\"text-align: left\"><\/div>\n<address id=\"content\" style=\"text-align: left\">L\u2019observatoire international des prisons a demand\u00e9 que des explications soient fournies sur ce transfert.<\/address>\n<address style=\"text-align: left\">\u00a0<\/address>\n<address style=\"text-align: left\">\u00a0<\/address>\n<address style=\"text-align: left\">\u00a0<\/address>\n<address style=\"text-align: left\">\u00a0<\/address>\n<address style=\"text-align: left\">\u00a0<\/address>\n<address style=\"text-align: center\">source : LeParisien.fr<\/address>\n","protected":false},"excerpt":{"rendered":"<p>Mercredi 30 janvier, mardi 26 f\u00e9vrier et d\u00e9sormais mardi 5 mars. Un troisi\u00e8me d\u00e9tenu se serait \u00ab\u00a0suicid\u00e9\u00a0\u00bb \u00e0 la prison de Fleury-M\u00e9rogis cette semaine. La personne se serait pendu, comme son homologue fin f\u00e9vrier au sein du quartier disciplinaire de &hellip; <a href=\"https:\/\/contrelenfermement.noblogs.org\/?p=973\">Continuer la lecture <span class=\"meta-nav\">&rarr;<\/span><\/a><\/p>\n","protected":false},"author":5244,"featured_media":0,"comment_status":"open","ping_status":"open","sticky":false,"template":"","format":"standard","meta":{"footnotes":""},"categories":[10],"tags":[796,673,795,270,797,370,15,798],"class_list":["post-973","post","type-post","status-publish","format-standard","hentry","category-ils-ont-ete-tues","tag-suicidaires","tag-batiment","tag-comportement","tag-fleury","tag-hp","tag-pendaison","tag-prison","tag-troubles"],"_links":{"self":[{"href":"https:\/\/contrelenfermement.noblogs.org\/index.php?rest_route=\/wp\/v2\/posts\/973","targetHints":{"allow":["GET"]}}],"collection":[{"href":"https:\/\/contrelenfermement.noblogs.org\/index.php?rest_route=\/wp\/v2\/posts"}],"about":[{"href":"https:\/\/contrelenfermement.noblogs.org\/index.php?rest_route=\/wp\/v2\/types\/post"}],"author":[{"embeddable":true,"href":"https:\/\/contrelenfermement.noblogs.org\/index.php?rest_route=\/wp\/v2\/users\/5244"}],"replies":[{"embeddable":true,"href":"https:\/\/contrelenfermement.noblogs.org\/index.php?rest_route=%2Fwp%2Fv2%2Fcomments&post=973"}],"version-history":[{"count":3,"href":"https:\/\/contrelenfermement.noblogs.org\/index.php?rest_route=\/wp\/v2\/posts\/973\/revisions"}],"predecessor-version":[{"id":977,"href":"https:\/\/contrelenfermement.noblogs.org\/index.php?rest_route=\/wp\/v2\/posts\/973\/revisions\/977"}],"wp:attachment":[{"href":"https:\/\/contrelenfermement.noblogs.org\/index.php?rest_route=%2Fwp%2Fv2%2Fmedia&parent=973"}],"wp:term":[{"taxonomy":"category","embeddable":true,"href":"https:\/\/contrelenfermement.noblogs.org\/index.php?rest_route=%2Fwp%2Fv2%2Fcategories&post=973"},{"taxonomy":"post_tag","embeddable":true,"href":"https:\/\/contrelenfermement.noblogs.org\/index.php?rest_route=%2Fwp%2Fv2%2Ftags&post=973"}],"curies":[{"name":"wp","href":"https:\/\/api.w.org\/{rel}","templated":true}]}}